{"id":6349,"date":"2023-06-06T15:16:00","date_gmt":"2023-06-06T13:16:00","guid":{"rendered":"https:\/\/www.interway.fr\/?p=6349"},"modified":"2024-07-16T10:33:49","modified_gmt":"2024-07-16T08:33:49","slug":"30-ans-giway","status":"publish","type":"post","link":"https:\/\/www.interway.fr\/en\/30-ans-giway\/","title":{"rendered":"30 ans du Groupe Interway"},"content":{"rendered":"<h1>\n<h1><span style=\"color: #ffffff;\">30 ans du Groupe INTERWAY<\/span><\/h1>\n<\/h1>\n<div>\n<h2>Ce vendredi 2 juin , nous avons c\u00e9l\u00e9br\u00e9 un \u00e9v\u00e8nement tr\u00e8s sp\u00e9cial : le 30\u00e8me anniversaire de Groupe Interway !<\/h2>\n<\/div>\n<p><img decoding=\"async\" src=\"wp-content\/uploads\/Photomontage-30-ans-V2.png\" alt=\"\"><\/p>\n<div>\n<h4 style=\"text-align: justify;\"><strong>Pr\u00e9sentation de l&rsquo;\u00e9v\u00e8nement:\u00a0<\/strong><\/h4>\n<p style=\"text-align: justify;\">Le Groupe Interway c\u00e9l\u00e8bre ses 30 ans d\u2019innovation et d\u2019excellence dans le domaine des services informatiques. Fond\u00e9 en 1993, Interway s\u2019est impos\u00e9 comme un acteur cl\u00e9 dans le d\u00e9veloppement et l\u2019int\u00e9gration de solutions mat\u00e9rielles et logicielles, offrant une expertise pr\u00e9cieuse en tant qu\u2019op\u00e9rateur et prestataire de services. Avec une pr\u00e9sence affirm\u00e9e chez les grands noms du retail et de la grande distribution, ainsi que chez des comptes priv\u00e9s et publics, Interway a su \u00e9voluer avec son temps, adaptant ses services pour r\u00e9pondre aux besoins technologiques en constante \u00e9volution.<\/p>\n<p style=\"text-align: justify;\">Au fil des ans, Interway a \u00e9largi son offre pour inclure des solutions de r\u00e9seaux avanc\u00e9es, de la mon\u00e9tique IP, et des solutions interactives personnalis\u00e9es, tout en renfor\u00e7ant son offre globale de services manag\u00e9s. L\u2019entreprise a \u00e9galement fait preuve d\u2019une croissance impressionnante, avec des acquisitions strat\u00e9giques et des partenariats qui ont renforc\u00e9 sa position sur le march\u00e9.<\/p>\n<p style=\"text-align: justify;\">En c\u00e9l\u00e9brant cette \u00e9tape importante, nous rendons hommage \u00e0 l\u2019esprit d\u2019innovation qui a toujours \u00e9t\u00e9 au c\u0153ur de la philosophie d\u2019Interway. Nous saluons \u00e9galement l\u2019engagement de l\u2019entreprise envers l\u2019excellence du service client, qui a permis de b\u00e2tir des relations durables et de confiance avec ses partenaires et clients.<\/p>\n<\/div>\n<div>\n<p style=\"text-align: center;\">Joyeux anniversaire \u00e0 Groupe Interway et \u00e0 toutes les personnes qui ont contribu\u00e9 \u00e0 son succ\u00e8s !<\/p>\n<\/div>\n<p><!-- {\"name\":\"Bonne Ann\\u00e9e 2022\",\"type\":\"layout\",\"children\":[{\"type\":\"section\",\"props\":{\"style\":\"default\",\"width\":\"default\",\"vertical_align\":\"middle\",\"title_position\":\"top-left\",\"title_rotation\":\"left\",\"title_breakpoint\":\"xl\",\"image_position\":\"center-center\",\"text_color\":\"\",\"width_expand\":\"\",\"height\":\"\",\"padding\":\"large\",\"header_transparent\":\"\",\"animation\":\"\",\"image\":\"wp-content\\\/uploads\\\/30-ans-slideshow-news.png\",\"image_size\":\"\",\"image_effect\":\"\",\"image_parallax_breakpoint\":\"\",\"image_visibility\":\"\",\"video_width\":\"\",\"video_height\":\"\",\"media_blend_mode\":\"\"},\"children\":[{\"type\":\"row\",\"props\":{\"layout\":\"1-1\",\"breakpoint\":\"m\",\"fixed_width\":\"large\",\"gutter\":\"\",\"width\":\"default\",\"width_expand\":\"\",\"height\":\"\",\"margin\":\"\"},\"children\":[{\"type\":\"column\",\"props\":{\"widths\":[\"1-1\"],\"image_position\":\"center-center\",\"media_overlay_gradient\":\"\",\"vertical_align\":\"\",\"style\":\"\",\"text_color\":\"\",\"padding\":\"\"},\"children\":[{\"type\":\"headline\",\"props\":{\"title_element\":\"h1\",\"title_style\":\"h1\",\"title_decoration\":\"\",\"title_color\":\"\",\"text_align\":\"\",\"text_align_breakpoint\":\"\",\"text_align_fallback\":\"\",\"maxwidth\":\"\",\"maxwidth_align\":\"\",\"maxwidth_breakpoint\":\"\",\"margin\":\"\",\"animation\":\"\",\"visibility\":\"\",\"content\":\"\n\n<h1><span style=\\\"color: #ffffff;\\\">30 ans du Groupe INTERWAY<\\\/span><\\\/h1>\"}}]}]}]},{\"type\":\"section\",\"props\":{\"style\":\"default\",\"width\":\"default\",\"vertical_align\":\"middle\",\"title_position\":\"top-left\",\"title_rotation\":\"left\",\"title_breakpoint\":\"xl\",\"image_position\":\"center-center\",\"text_color\":\"\",\"width_expand\":\"\",\"height\":\"\",\"padding\":\"\",\"header_transparent\":\"\",\"animation\":\"\",\"padding_remove_top\":false,\"padding_remove_bottom\":true},\"children\":[{\"type\":\"row\",\"props\":{\"layout\":\"1-1\",\"breakpoint\":\"m\",\"fixed_width\":\"large\",\"gutter\":\"\",\"width\":\"\",\"width_expand\":\"\",\"height\":\"\",\"margin\":\"\"},\"children\":[{\"type\":\"column\",\"props\":{\"widths\":[\"1-1\"],\"image_position\":\"center-center\",\"media_overlay_gradient\":\"\",\"vertical_align\":\"\",\"style\":\"\",\"text_color\":\"\",\"padding\":\"\"},\"children\":[{\"type\":\"text\",\"props\":{\"margin\":\"default\",\"column_breakpoint\":\"m\",\"text_style\":\"\",\"text_color\":\"\",\"text_size\":\"large\",\"column\":\"\",\"text_align\":\"\",\"text_align_breakpoint\":\"\",\"text_align_fallback\":\"\",\"maxwidth\":\"\",\"maxwidth_align\":\"\",\"maxwidth_breakpoint\":\"\",\"animation\":\"\",\"visibility\":\"\",\"content\":\"\n\n<h2>Ce vendredi 2 juin , nous avons c\\u00e9l\\u00e9br\\u00e9 un \\u00e9v\\u00e8nement tr\\u00e8s sp\\u00e9cial : le 30\\u00e8me anniversaire de Groupe Interway !<\\\/h2>\"}}]}]}]},{\"type\":\"section\",\"props\":{\"style\":\"muted\",\"width\":\"default\",\"vertical_align\":\"middle\",\"title_position\":\"top-left\",\"title_rotation\":\"left\",\"title_breakpoint\":\"xl\",\"image_position\":\"center-center\",\"text_color\":\"\",\"width_expand\":\"\",\"height\":\"\",\"padding\":\"\",\"header_transparent\":\"\",\"animation\":\"\"},\"children\":[{\"type\":\"row\",\"props\":{\"layout\":\",\",\"breakpoint\":\"m\",\"fixed_width\":\"large\",\"gutter\":\"\",\"width\":\"\",\"width_expand\":\"\",\"height\":\"\",\"margin\":\"\"},\"children\":[{\"type\":\"column\",\"props\":{\"widths\":[\"\"],\"image_position\":\"center-center\",\"media_overlay_gradient\":\"\",\"vertical_align\":\"\",\"style\":\"\",\"text_color\":\"\",\"padding\":\"\"},\"children\":[{\"type\":\"image\",\"props\":{\"margin\":\"default\",\"image_svg_color\":\"emphasis\",\"link_target\":\"\",\"image_border\":\"\",\"image_box_shadow\":\"\",\"image_hover_box_shadow\":\"\",\"image_box_decoration\":\"\",\"text_align\":\"\",\"text_align_breakpoint\":\"\",\"text_align_fallback\":\"\",\"maxwidth\":\"\",\"maxwidth_align\":\"\",\"maxwidth_breakpoint\":\"\",\"animation\":\"\",\"visibility\":\"\",\"image\":\"wp-content\\\/uploads\\\/Photomontage-30-ans-V2.png\"}}]},{\"type\":\"column\",\"props\":{\"widths\":[\"\"],\"image_position\":\"center-center\",\"media_overlay_gradient\":\"\",\"vertical_align\":\"\",\"style\":\"\",\"text_color\":\"\",\"padding\":\"\"},\"children\":[{\"type\":\"text\",\"props\":{\"margin\":\"default\",\"column_breakpoint\":\"m\",\"text_style\":\"\",\"text_color\":\"\",\"text_size\":\"\",\"column\":\"\",\"text_align\":\"\",\"text_align_breakpoint\":\"\",\"text_align_fallback\":\"\",\"maxwidth\":\"\",\"maxwidth_align\":\"\",\"maxwidth_breakpoint\":\"\",\"animation\":\"\",\"visibility\":\"\",\"content\":\"\n\n<h4 style=\\\"text-align: justify;\\\"><strong>Pr\\u00e9sentation de l'\\u00e9v\\u00e8nement:\\u00a0<\\\/strong><\\\/h4>\\n\n\n<p style=\\\"text-align: justify;\\\">Le Groupe Interway c\\u00e9l\\u00e8bre ses 30 ans d\\u2019innovation et d\\u2019excellence dans le domaine des services informatiques. Fond\\u00e9 en 1993, Interway s\\u2019est impos\\u00e9 comme un acteur cl\\u00e9 dans le d\\u00e9veloppement et l\\u2019int\\u00e9gration de solutions mat\\u00e9rielles et logicielles, offrant une expertise pr\\u00e9cieuse en tant qu\\u2019op\\u00e9rateur et prestataire de services. Avec une pr\\u00e9sence affirm\\u00e9e chez les grands noms du retail et de la grande distribution, ainsi que chez des comptes priv\\u00e9s et publics, Interway a su \\u00e9voluer avec son temps, adaptant ses services pour r\\u00e9pondre aux besoins technologiques en constante \\u00e9volution.<\\\/p>\\n\n\n<p style=\\\"text-align: justify;\\\">Au fil des ans, Interway a \\u00e9largi son offre pour inclure des solutions de r\\u00e9seaux avanc\\u00e9es, de la mon\\u00e9tique IP, et des solutions interactives personnalis\\u00e9es, tout en renfor\\u00e7ant son offre globale de services manag\\u00e9s. L\\u2019entreprise a \\u00e9galement fait preuve d\\u2019une croissance impressionnante, avec des acquisitions strat\\u00e9giques et des partenariats qui ont renforc\\u00e9 sa position sur le march\\u00e9.<\\\/p>\\n\n\n<p style=\\\"text-align: justify;\\\">En c\\u00e9l\\u00e9brant cette \\u00e9tape importante, nous rendons hommage \\u00e0 l\\u2019esprit d\\u2019innovation qui a toujours \\u00e9t\\u00e9 au c\\u0153ur de la philosophie d\\u2019Interway. Nous saluons \\u00e9galement l\\u2019engagement de l\\u2019entreprise envers l\\u2019excellence du service client, qui a permis de b\\u00e2tir des relations durables et de confiance avec ses partenaires et clients.<\\\/p>\"}}]}]}]},{\"type\":\"section\",\"props\":{\"style\":\"secondary\",\"width\":\"default\",\"vertical_align\":\"middle\",\"title_position\":\"top-left\",\"title_rotation\":\"left\",\"title_breakpoint\":\"xl\",\"image_position\":\"center-center\",\"text_color\":\"\",\"width_expand\":\"\",\"height\":\"\",\"padding\":\"\",\"header_transparent\":\"\",\"animation\":\"\"},\"children\":[{\"type\":\"row\",\"props\":{\"layout\":\"1-1\",\"breakpoint\":\"m\",\"fixed_width\":\"large\",\"gutter\":\"\",\"width\":\"\",\"width_expand\":\"\",\"height\":\"\",\"margin\":\"\"},\"children\":[{\"type\":\"column\",\"props\":{\"widths\":[\"1-1\"],\"image_position\":\"center-center\",\"media_overlay_gradient\":\"\",\"vertical_align\":\"\",\"style\":\"\",\"text_color\":\"\",\"padding\":\"\"},\"children\":[{\"type\":\"text\",\"props\":{\"margin\":\"default\",\"column_breakpoint\":\"m\",\"text_style\":\"\",\"text_color\":\"\",\"text_size\":\"large\",\"column\":\"\",\"text_align\":\"\",\"text_align_breakpoint\":\"\",\"text_align_fallback\":\"\",\"maxwidth\":\"\",\"maxwidth_align\":\"\",\"maxwidth_breakpoint\":\"\",\"animation\":\"\",\"visibility\":\"\",\"content\":\"\n\n<p style=\\\"text-align: center;\\\">Joyeux anniversaire \\u00e0 Groupe Interway et \\u00e0 toutes les personnes qui ont contribu\\u00e9 \\u00e0 son succ\\u00e8s !<\\\/p>\"}}]}]}]},{\"type\":\"section\",\"props\":{\"style\":\"default\",\"width\":\"default\",\"vertical_align\":\"middle\",\"title_position\":\"top-left\",\"title_rotation\":\"left\",\"title_breakpoint\":\"xl\",\"image_position\":\"center-center\",\"text_color\":\"\",\"width_expand\":\"\",\"height\":\"\",\"padding\":\"\",\"header_transparent\":\"\",\"animation\":\"\"},\"children\":[{\"type\":\"row\",\"props\":{\"layout\":\"1-1\",\"breakpoint\":\"m\",\"fixed_width\":\"large\",\"gutter\":\"\",\"width\":\"\",\"width_expand\":\"\",\"height\":\"\",\"margin\":\"\"},\"children\":[{\"type\":\"column\",\"props\":{\"widths\":[\"1-1\"],\"image_position\":\"center-center\",\"media_overlay_gradient\":\"\",\"vertical_align\":\"\",\"style\":\"\",\"text_color\":\"\",\"padding\":\"\"},\"children\":[]}]}]}],\"version\":\"1.19.0\",\"props\":[]} --><\/p>\n","protected":false},"excerpt":{"rendered":"<p>30 ans du Groupe INTERWAY Ce vendredi 2 juin , nous avons c\u00e9l\u00e9br\u00e9 un \u00e9v\u00e8nement tr\u00e8s sp\u00e9cial : le 30\u00e8me anniversaire de Groupe Interway ! Pr\u00e9sentation de l&rsquo;\u00e9v\u00e8nement:\u00a0 Le Groupe Interway c\u00e9l\u00e8bre ses 30 ans d\u2019innovation et d\u2019excellence dans le domaine des services informatiques. Fond\u00e9 en 1993, Interway s\u2019est impos\u00e9 comme un acteur cl\u00e9 dans [&hellip;]<\/p>\n","protected":false},"author":1,"featured_media":6385,"comment_status":"open","ping_status":"open","sticky":false,"template":"","format":"aside","meta":{"_monsterinsights_skip_tracking":false,"_monsterinsights_sitenote_active":false,"_monsterinsights_sitenote_note":"","_monsterinsights_sitenote_category":0,"_jetpack_memberships_contains_paid_content":false,"footnotes":""},"categories":[14],"tags":[],"class_list":["post-6349","post","type-post","status-publish","format-aside","has-post-thumbnail","hentry","category-information","post_format-post-format-aside"],"jetpack_featured_media_url":"https:\/\/www.interway.fr\/wp-content\/uploads\/30-ans-slideshow-news.png","jetpack_sharing_enabled":true,"_links":{"self":[{"href":"https:\/\/www.interway.fr\/en\/wp-json\/wp\/v2\/posts\/6349","targetHints":{"allow":["GET"]}}],"collection":[{"href":"https:\/\/www.interway.fr\/en\/wp-json\/wp\/v2\/posts"}],"about":[{"href":"https:\/\/www.interway.fr\/en\/wp-json\/wp\/v2\/types\/post"}],"author":[{"embeddable":true,"href":"https:\/\/www.interway.fr\/en\/wp-json\/wp\/v2\/users\/1"}],"replies":[{"embeddable":true,"href":"https:\/\/www.interway.fr\/en\/wp-json\/wp\/v2\/comments?post=6349"}],"version-history":[{"count":6,"href":"https:\/\/www.interway.fr\/en\/wp-json\/wp\/v2\/posts\/6349\/revisions"}],"predecessor-version":[{"id":6393,"href":"https:\/\/www.interway.fr\/en\/wp-json\/wp\/v2\/posts\/6349\/revisions\/6393"}],"wp:featuredmedia":[{"embeddable":true,"href":"https:\/\/www.interway.fr\/en\/wp-json\/wp\/v2\/media\/6385"}],"wp:attachment":[{"href":"https:\/\/www.interway.fr\/en\/wp-json\/wp\/v2\/media?parent=6349"}],"wp:term":[{"taxonomy":"category","embeddable":true,"href":"https:\/\/www.interway.fr\/en\/wp-json\/wp\/v2\/categories?post=6349"},{"taxonomy":"post_tag","embeddable":true,"href":"https:\/\/www.interway.fr\/en\/wp-json\/wp\/v2\/tags?post=6349"}],"curies":[{"name":"wp","href":"https:\/\/api.w.org\/{rel}","templated":true}]}}