{"id":536,"date":"2019-04-19T10:00:14","date_gmt":"2019-04-19T08:00:14","guid":{"rendered":"http:\/\/interway.sys1v3.instore-solution.fr\/?p=536"},"modified":"2019-07-29T15:23:59","modified_gmt":"2019-07-29T13:23:59","slug":"retail-way-2019","status":"publish","type":"post","link":"https:\/\/www.interway.fr\/en\/retail-way-2019\/","title":{"rendered":"Retail Way 2019"},"content":{"rendered":"<p><img decoding=\"async\" src=\"wp-content\/uploads\/Image-retail-way-2019-1.jpg\" alt=\"\"><\/p>\n<h1>Retail WAY 2019<br \/>3 villes 3 dates<\/h1>\n<div>\n<div class=\"flex_column av_one_full  flex_column_div av-zero-column-padding first  avia-builder-el-2  el_after_av_one_full  el_before_av_one_full  column-top-margin\">\n<section class=\"av_textblock_section \">\n<div class=\"avia_textblock  \">\n<p>Groupe Interway a le plaisir de vous convier \u00e0 une matin\u00e9e d\u00e9di\u00e9e au Phygital, le jeudi 23 mai au centre Regus Vaise de Lyon lors de son RETAIL WAY 2019.<\/p>\n<p>Le Groupe Interway \u00e9volue : nouvelles prestations, nouvelles solutions, acquisition d\u2019InStore Solution, premier int\u00e9grateur et fabricant de solutions digitales \u00ab\u00a0in store\u00a0\u00bb.<\/p>\n<p>Plus que jamais nous accompagnons les enseignes du Retail dans leur transformation digitale globale !<\/p>\n<p>Matin\u00e9es d\u2019\u00e9changes et de partages, venez d\u00e9couvrir nos solutions \u00e0 Paris, Lyon et Lille.<\/p>\n<\/div>\n<\/section>\n<\/div>\n<\/div>\n<p>\n    <a href=\"https:\/\/docs.google.com\/forms\/d\/e\/1FAIpQLSfCrPhesAOpuFgAZPY6bJAmpoGZDIJmtoMsEbCne1rSIgp7aQ\/viewform\" target=\"_blank\" rel=\"noopener\">Cliquez pour vous inscrire<\/a>\n<\/p>\n<p><img decoding=\"async\" src=\"wp-content\/uploads\/carte-retail-way-2019.png\" alt=\"\"><\/p>\n<div>\n<h5>3 villes, 3 dates !<\/h5>\n<hr class=\"blue\" \/>\n<ul>\n<li><b><a href=\"https:\/\/docs.google.com\/forms\/d\/e\/1FAIpQLSfCrPhesAOpuFgAZPY6bJAmpoGZDIJmtoMsEbCne1rSIgp7aQ\/viewform\" target=\"_blank\" rel=\"noopener\">Paris<\/a><\/b><span class=\"date_etape\"> \u2013 mardi 21 mai<br \/><\/span><\/li>\n<\/ul>\n<ul>\n<li><a href=\"https:\/\/docs.google.com\/forms\/d\/e\/1FAIpQLSfCrPhesAOpuFgAZPY6bJAmpoGZDIJmtoMsEbCne1rSIgp7aQ\/viewform\" target=\"_blank\" rel=\"noopener\"><b>Lyon<\/b><\/a>\u00a0<span class=\"date_etape\">\u2013 jeudi 23 mai<br \/><\/span><\/li>\n<\/ul>\n<ul>\n<li><a href=\"https:\/\/docs.google.com\/forms\/d\/e\/1FAIpQLSfCrPhesAOpuFgAZPY6bJAmpoGZDIJmtoMsEbCne1rSIgp7aQ\/viewform\" target=\"_blank\" rel=\"noopener\"><b>Lille<\/b><\/a><span class=\"date_etape\"> \u2013 mardi 4 juin<\/span><\/li>\n<\/ul>\n<\/div>\n<p><!-- {\"type\":\"layout\",\"children\":[{\"type\":\"section\",\"props\":{\"style\":\"default\",\"width\":\"default\",\"vertical_align\":\"middle\",\"title_position\":\"top-left\",\"title_rotation\":\"left\",\"title_breakpoint\":\"xl\",\"image_position\":\"center-center\",\"text_color\":\"\",\"width_expand\":\"\",\"height\":\"\",\"padding\":\"\",\"header_transparent\":\"\",\"animation\":\"\"},\"children\":[{\"type\":\"row\",\"props\":{\"layout\":\"1-1\",\"breakpoint\":\"m\",\"fixed_width\":\"large\",\"gutter\":\"\",\"width\":\"\",\"width_expand\":\"\",\"height\":\"\",\"margin\":\"\"},\"children\":[{\"type\":\"column\",\"props\":{\"widths\":[\"1-1\"],\"image_position\":\"center-center\",\"media_overlay_gradient\":\"\",\"vertical_align\":\"\",\"style\":\"\",\"text_color\":\"\",\"padding\":\"\"},\"children\":[{\"type\":\"image\",\"props\":{\"margin\":\"default\",\"image_svg_color\":\"emphasis\",\"link_target\":\"\",\"image_border\":\"\",\"image_box_shadow\":\"\",\"image_hover_box_shadow\":\"\",\"image_box_decoration\":\"\",\"text_align\":\"\",\"text_align_breakpoint\":\"\",\"text_align_fallback\":\"\",\"maxwidth\":\"\",\"maxwidth_align\":\"\",\"maxwidth_breakpoint\":\"\",\"animation\":\"\",\"visibility\":\"\",\"image\":\"wp-content\\\/uploads\\\/Image-retail-way-2019-1.jpg\"}},{\"type\":\"headline\",\"props\":{\"title_element\":\"h1\",\"title_style\":\"\",\"title_decoration\":\"\",\"title_color\":\"\",\"text_align\":\"\",\"text_align_breakpoint\":\"\",\"text_align_fallback\":\"\",\"maxwidth\":\"\",\"maxwidth_align\":\"\",\"maxwidth_breakpoint\":\"\",\"margin\":\"\",\"animation\":\"\",\"visibility\":\"\",\"content\":\"Retail WAY 2019<br \\\/>3 villes 3 dates\"}}]}]},{\"type\":\"row\",\"props\":{\"layout\":\"1-1\",\"breakpoint\":\"m\",\"fixed_width\":\"large\",\"gutter\":\"\",\"width\":\"\",\"width_expand\":\"\",\"height\":\"\",\"margin\":\"\"},\"children\":[{\"type\":\"column\",\"props\":{\"widths\":[\"1-1\"],\"image_position\":\"center-center\",\"media_overlay_gradient\":\"\",\"vertical_align\":\"\",\"style\":\"\",\"text_color\":\"\",\"padding\":\"\"},\"children\":[{\"type\":\"text\",\"props\":{\"margin\":\"default\",\"column_breakpoint\":\"m\",\"text_style\":\"\",\"text_color\":\"\",\"text_size\":\"\",\"column\":\"\",\"text_align\":\"\",\"text_align_breakpoint\":\"\",\"text_align_fallback\":\"\",\"maxwidth\":\"\",\"maxwidth_align\":\"\",\"maxwidth_breakpoint\":\"\",\"animation\":\"\",\"visibility\":\"\",\"content\":\"\n\n<div class=\\\"flex_column av_one_full  flex_column_div av-zero-column-padding first  avia-builder-el-2  el_after_av_one_full  el_before_av_one_full  column-top-margin\\\">\\n\n\n<section class=\\\"av_textblock_section \\\">\\n\n\n<div class=\\\"avia_textblock  \\\">\\n\n\n<p>Groupe Interway a le plaisir de vous convier \\u00e0 une matin\\u00e9e d\\u00e9di\\u00e9e au Phygital, le jeudi 23 mai au centre Regus Vaise de Lyon lors de son RETAIL WAY 2019.<\\\/p>\\n\n\n<p>Le Groupe Interway \\u00e9volue : nouvelles prestations, nouvelles solutions, acquisition d\\u2019InStore Solution, premier int\\u00e9grateur et fabricant de solutions digitales \\u00ab\\u00a0in store\\u00a0\\u00bb.<\\\/p>\\n\n\n<p>Plus que jamais nous accompagnons les enseignes du Retail dans leur transformation digitale globale !<\\\/p>\\n\n\n<p>Matin\\u00e9es d\\u2019\\u00e9changes et de partages, venez d\\u00e9couvrir nos solutions \\u00e0 Paris, Lyon et Lille.<\\\/p>\\n<\\\/div>\\n<\\\/section>\\n<\\\/div>\"}}]}]}]},{\"type\":\"section\",\"props\":{\"style\":\"default\",\"width\":\"default\",\"vertical_align\":\"middle\",\"title_position\":\"top-left\",\"title_rotation\":\"left\",\"title_breakpoint\":\"xl\",\"image_position\":\"center-center\",\"text_color\":\"\",\"width_expand\":\"\",\"height\":\"\",\"padding\":\"\",\"header_transparent\":\"\",\"animation\":\"\"},\"children\":[{\"type\":\"row\",\"props\":{\"layout\":\"1-1\",\"breakpoint\":\"m\",\"fixed_width\":\"large\",\"gutter\":\"\",\"width\":\"\",\"width_expand\":\"\",\"height\":\"\",\"margin\":\"\"},\"children\":[{\"type\":\"column\",\"props\":{\"widths\":[\"1-1\"],\"image_position\":\"center-center\",\"media_overlay_gradient\":\"\",\"vertical_align\":\"\",\"style\":\"\",\"text_color\":\"\",\"padding\":\"\"},\"children\":[{\"type\":\"button\",\"props\":{\"gutter\":\"small\",\"margin\":\"default\",\"button_size\":\"\",\"text_align\":\"center\",\"text_align_breakpoint\":\"\",\"text_align_fallback\":\"\",\"maxwidth\":\"\",\"maxwidth_align\":\"\",\"maxwidth_breakpoint\":\"\",\"animation\":\"\",\"visibility\":\"\"},\"children\":[{\"type\":\"button_item\",\"props\":{\"button_style\":\"default\",\"icon_align\":\"left\",\"link_target\":\"\",\"link_title\":\"Cliquez pour vous inscrire\",\"link\":\"https:\\\/\\\/docs.google.com\\\/forms\\\/d\\\/e\\\/1FAIpQLSfCrPhesAOpuFgAZPY6bJAmpoGZDIJmtoMsEbCne1rSIgp7aQ\\\/viewform\",\"content\":\"Cliquez pour vous inscrire\"}}]}]}]}]},{\"type\":\"section\",\"props\":{\"style\":\"default\",\"width\":\"default\",\"vertical_align\":\"middle\",\"title_position\":\"top-left\",\"title_rotation\":\"left\",\"title_breakpoint\":\"xl\",\"image_position\":\"center-center\",\"text_color\":\"\",\"width_expand\":\"\",\"height\":\"\",\"padding\":\"\",\"header_transparent\":\"\",\"animation\":\"\"},\"children\":[{\"type\":\"row\",\"props\":{\"layout\":\",\",\"breakpoint\":\"m\",\"fixed_width\":\"large\",\"gutter\":\"\",\"width\":\"\",\"width_expand\":\"\",\"height\":\"\",\"margin\":\"\"},\"children\":[{\"type\":\"column\",\"props\":{\"widths\":[\"\"],\"image_position\":\"center-center\",\"media_overlay_gradient\":\"\",\"vertical_align\":\"\",\"style\":\"\",\"text_color\":\"\",\"padding\":\"\"},\"children\":[{\"type\":\"image\",\"props\":{\"margin\":\"default\",\"image_svg_color\":\"emphasis\",\"link_target\":\"\",\"image_border\":\"\",\"image_box_shadow\":\"\",\"image_hover_box_shadow\":\"\",\"image_box_decoration\":\"\",\"text_align\":\"\",\"text_align_breakpoint\":\"\",\"text_align_fallback\":\"\",\"maxwidth\":\"\",\"maxwidth_align\":\"\",\"maxwidth_breakpoint\":\"\",\"animation\":\"\",\"visibility\":\"\",\"image\":\"wp-content\\\/uploads\\\/carte-retail-way-2019.png\"}}]},{\"type\":\"column\",\"props\":{\"widths\":[\"\"],\"image_position\":\"center-center\",\"media_overlay_gradient\":\"\",\"vertical_align\":\"\",\"style\":\"\",\"text_color\":\"\",\"padding\":\"\"},\"children\":[{\"type\":\"text\",\"props\":{\"margin\":\"default\",\"column_breakpoint\":\"m\",\"text_style\":\"\",\"text_color\":\"\",\"text_size\":\"\",\"column\":\"\",\"text_align\":\"\",\"text_align_breakpoint\":\"\",\"text_align_fallback\":\"\",\"maxwidth\":\"\",\"maxwidth_align\":\"\",\"maxwidth_breakpoint\":\"\",\"animation\":\"\",\"visibility\":\"\",\"content\":\"\n\n<h5>3 villes, 3 dates !<\\\/h5>\\n\n\n<hr class=\\\"blue\\\" \\\/>\\n\n\n<ul>\\n\n\n<li><b><a href=\\\"https:\\\/\\\/docs.google.com\\\/forms\\\/d\\\/e\\\/1FAIpQLSfCrPhesAOpuFgAZPY6bJAmpoGZDIJmtoMsEbCne1rSIgp7aQ\\\/viewform\\\" target=\\\"_blank\\\" rel=\\\"noopener\\\">Paris<\\\/a><\\\/b><span class=\\\"date_etape\\\"> \\u2013 mardi 21 mai<br \\\/><\\\/span><\\\/li>\\n<\\\/ul>\\n\n\n<ul>\\n\n\n<li><a href=\\\"https:\\\/\\\/docs.google.com\\\/forms\\\/d\\\/e\\\/1FAIpQLSfCrPhesAOpuFgAZPY6bJAmpoGZDIJmtoMsEbCne1rSIgp7aQ\\\/viewform\\\" target=\\\"_blank\\\" rel=\\\"noopener\\\"><b>Lyon<\\\/b><\\\/a>\\u00a0<span class=\\\"date_etape\\\">\\u2013 jeudi 23 mai<br \\\/><\\\/span><\\\/li>\\n<\\\/ul>\\n\n\n<ul>\\n\n\n<li><a href=\\\"https:\\\/\\\/docs.google.com\\\/forms\\\/d\\\/e\\\/1FAIpQLSfCrPhesAOpuFgAZPY6bJAmpoGZDIJmtoMsEbCne1rSIgp7aQ\\\/viewform\\\" target=\\\"_blank\\\" rel=\\\"noopener\\\"><b>Lille<\\\/b><\\\/a><span class=\\\"date_etape\\\"> \\u2013 mardi 4 juin<\\\/span><\\\/li>\\n<\\\/ul>\"}}]}]}]}],\"version\":\"1.19.0\"} --><\/p>\n","protected":false},"excerpt":{"rendered":"<p>Retail WAY 20193 villes 3 dates Groupe Interway a le plaisir de vous convier \u00e0 une matin\u00e9e d\u00e9di\u00e9e au Phygital, le jeudi 23 mai au centre Regus Vaise de Lyon lors de son RETAIL WAY 2019. Le Groupe Interway \u00e9volue : nouvelles prestations, nouvelles solutions, acquisition d\u2019InStore Solution, premier int\u00e9grateur et fabricant de solutions digitales [&hellip;]<\/p>\n","protected":false},"author":1,"featured_media":777,"comment_status":"open","ping_status":"open","sticky":false,"template":"","format":"aside","meta":{"_monsterinsights_skip_tracking":false,"_monsterinsights_sitenote_active":false,"_monsterinsights_sitenote_note":"","_monsterinsights_sitenote_category":0,"_jetpack_memberships_contains_paid_content":false,"footnotes":""},"categories":[7],"tags":[],"class_list":["post-536","post","type-post","status-publish","format-aside","has-post-thumbnail","hentry","category-evenement","post_format-post-format-aside"],"jetpack_featured_media_url":"https:\/\/www.interway.fr\/wp-content\/uploads\/Image-actu-Interway-Retail-Way-2019.jpg","jetpack_sharing_enabled":true,"_links":{"self":[{"href":"https:\/\/www.interway.fr\/en\/wp-json\/wp\/v2\/posts\/536","targetHints":{"allow":["GET"]}}],"collection":[{"href":"https:\/\/www.interway.fr\/en\/wp-json\/wp\/v2\/posts"}],"about":[{"href":"https:\/\/www.interway.fr\/en\/wp-json\/wp\/v2\/types\/post"}],"author":[{"embeddable":true,"href":"https:\/\/www.interway.fr\/en\/wp-json\/wp\/v2\/users\/1"}],"replies":[{"embeddable":true,"href":"https:\/\/www.interway.fr\/en\/wp-json\/wp\/v2\/comments?post=536"}],"version-history":[{"count":7,"href":"https:\/\/www.interway.fr\/en\/wp-json\/wp\/v2\/posts\/536\/revisions"}],"predecessor-version":[{"id":545,"href":"https:\/\/www.interway.fr\/en\/wp-json\/wp\/v2\/posts\/536\/revisions\/545"}],"wp:featuredmedia":[{"embeddable":true,"href":"https:\/\/www.interway.fr\/en\/wp-json\/wp\/v2\/media\/777"}],"wp:attachment":[{"href":"https:\/\/www.interway.fr\/en\/wp-json\/wp\/v2\/media?parent=536"}],"wp:term":[{"taxonomy":"category","embeddable":true,"href":"https:\/\/www.interway.fr\/en\/wp-json\/wp\/v2\/categories?post=536"},{"taxonomy":"post_tag","embeddable":true,"href":"https:\/\/www.interway.fr\/en\/wp-json\/wp\/v2\/tags?post=536"}],"curies":[{"name":"wp","href":"https:\/\/api.w.org\/{rel}","templated":true}]}}