{"id":516636,"date":"2025-05-12T10:05:16","date_gmt":"2025-05-12T08:05:16","guid":{"rendered":"https:\/\/www.interway.fr\/?p=516636"},"modified":"2026-01-20T16:08:14","modified_gmt":"2026-01-20T14:08:14","slug":"giway-sport-2025","status":"publish","type":"post","link":"https:\/\/www.interway.fr\/en\/giway-sport-2025\/","title":{"rendered":"GIWAY Sport 2025"},"content":{"rendered":"<h1>\n<h1><span style=\"color: #000000;\">GIWAY Sport 2025<\/span><\/h1>\n<\/h1>\n<div>\n<h2>Groupe Interway est fier d&rsquo;annoncer le renouvellement de son initiative sportive, GIWAY Sport 2025, d\u00e9di\u00e9e au soutien du handisport<\/h2>\n<\/div>\n<p><img decoding=\"async\" src=\"\/wp-content\/uploads\/photo-giwaysport-remise-de-cheque-scaled.jpg\" alt=\"\"><\/p>\n<div>\n<p><b>Ensemble, nous faisons la diff\u00e9rence !\u00a0<\/b><\/p>\n<p><span style=\"font-weight: 400;\">Interway est fi\u00e8re d\u2019avoir remis un ch\u00e8que de <\/span><b>1 760 \u20ac<\/b><span style=\"font-weight: 400;\"> au Comit\u00e9 Handisport D\u00e9partemental des Bouches-du-Rh\u00f4ne, fruit de l&rsquo;engagement de nos collaborateurs lors des journ\u00e9es de sensibilisation au handisport du projet Giwaysport2025 organis\u00e9es sur nos diff\u00e9rents sites.<\/span><\/p>\n<p><span style=\"font-weight: 400;\">Ce don permettra de soutenir concr\u00e8tement trois jeunes sportifs de haut niveau dans leur parcours d&rsquo;excellence :<\/span><\/p>\n<p><b>Abdelrhamane Martinez<\/b><span style=\"font-weight: 400;\">, 18 ans &#8211; Espoir en Goalball D1 (Sportif de haut niveau). Financement de ses d\u00e9placements et stages sportifs.<\/span><\/p>\n<p><b>Samy Bouaffad<\/b><span style=\"font-weight: 400;\">, 17 ans &#8211; Espoir en Para-athl\u00e9tisme (60m, 100m, 200m, 400m). Sportif de haut niveau. Soutien pour sa formation au CREPS et participation aux comp\u00e9titions.<\/span><\/p>\n<p><b>Akram Djeridi<\/b><span style=\"font-weight: 400;\">, 26 ans &#8211; Boccia BC2. Accompagnement pour sa participation au Championnat de France.<\/span><\/p>\n<p><span style=\"font-weight: 400;\">Une partie du don sera \u00e9galement d\u00e9di\u00e9e \u00e0 l&rsquo;accompagnement de jeunes para sportifs issus des quartiers prioritaires, leur offrant l&rsquo;opportunit\u00e9 de participer \u00e0 des stages sportifs et de r\u00e9v\u00e9ler leur potentiel.<\/span><\/p>\n<p><span style=\"font-weight: 400;\">Merci \u00e0 tous nos collaborateurs qui, par leur participation, ont rendu possible cette belle action solidaire.\u00a0<\/span><\/p>\n<p><span style=\"font-weight: 400;\">Le sport est un formidable vecteur d&rsquo;inclusion et de d\u00e9passement de soi !\u00a0<\/span><\/p>\n<\/div>\n<div>\n<h3 style=\"text-align: justify;\"><strong>GIWAYsport2025 : le handisport au coeur de 4 journ\u00e9es de sensibilisation<\/strong><\/h3>\n<p style=\"text-align: justify;\"><span>Dans la continuit\u00e9 de l\u2019\u00e9dition 2024, <strong>Groupe Interway renouvelle son engagement pour l\u2019inclusion \u00e0 travers Giway Sport 2025<\/strong>, une initiative pens\u00e9e pour sensibiliser nos collaborateurs au handisport et promouvoir un sport accessible \u00e0 tous.<\/span><\/p>\n<p style=\"text-align: justify;\"><span>Cette ann\u00e9e, ce sont <strong>4 journ\u00e9es de mobilisation<\/strong> qui seront propos\u00e9es sur plusieurs de nos sites, en partenariat avec les comit\u00e9s handisport d\u00e9partementaux. \u00c0 travers des ateliers immersifs et participatifs, nos \u00e9quipes pourront d\u00e9couvrir la richesse et les d\u00e9fis du handisport, tout en soutenant une cause essentielle.<\/span><\/p>\n<p style=\"text-align: justify;\"><span>Pour chaque participation \u00e0 un atelier, un don sera revers\u00e9 au <strong>comit\u00e9 handisport des Bouches-du-Rh\u00f4ne<\/strong>. Une mani\u00e8re concr\u00e8te et solidaire d\u2019allier engagement et action de terrain.<\/span><\/p>\n<p style=\"text-align: justify;\"><span>Chez Interway, nous croyons que l&rsquo;inclusion passe par l&rsquo;exp\u00e9rience, le partage et l&rsquo;action. Giway Sport 2025 est bien plus qu\u2019un \u00e9v\u00e9nement : c\u2019est un pas de plus vers un avenir plus juste, plus ouvert, et plus uni.<\/span><\/p>\n<\/div>\n<p><img decoding=\"async\" src=\"\/wp-content\/uploads\/Image-carre-presentation-GIWAY-Sport-1.png\" alt=\"\"><br \/>\n<img decoding=\"async\" src=\"\/wp-content\/uploads\/Image-carre-Comite-Handisport-13-GIWAY-Sport.png\" alt=\"\"><\/p>\n<div>\n<h3><strong>Le Comit\u00e9 Handisport<\/strong><\/h3>\n<p style=\"text-align: justify;\">La F\u00e9d\u00e9ration Fran\u00e7aise Handisport <span>\u0153uvre au d\u00e9veloppement, \u00e0 la promotion et l\u2019animation des activit\u00e9s sportives destin\u00e9es aux personnes en situation de handicap physique et\/ou sensoriel.\u00a0La F\u00e9d\u00e9ration Fran\u00e7aise Handisport, 1ere f\u00e9d\u00e9ration sportive inclusive de France, agit pour permettre \u00e0 toute personne en situation de handicap d\u2019acc\u00e9der \u00e0 une pratique sportive que ce soit dans un objectif de bien \u00eatre ou de d\u00e9passement.\u00a0<\/span><\/p>\n<p>Chez Interway, nous travaillerons en partenariat avec les Comit\u00e9s D\u00e9partementaux correspondant aux sites de sensibilisation.<\/p>\n<ul>\n<li>Le Comit\u00e9 Handisport du 59 pour Wambrechies<\/li>\n<li>Le Comit\u00e9 Handisport du 91 pour Villebon sur Yvette<\/li>\n<li>Le Comit\u00e9 Handisport du 69 pour Saint-Priest<\/li>\n<li>Le Comit\u00e9 Handisport du 13 pour Vitrolles<\/li>\n<\/ul>\n<\/div>\n<div>\n<h3 style=\"text-align: justify;\">J1 : 6 mai 2025 &#8211; Wambrechies<\/h3>\n<p style=\"text-align: justify;\">Suite \u00e0 notre journ\u00e9e de sensibilisation du 6 mai, nous tenions \u00e0 vous remercier toutes et tous pour votre pr\u00e9sence. Cette journ\u00e9e, pleine de partage et d\u2018\u00e9change, \u00e0 permis de mettre en lumi\u00e8re des probl\u00e9matiques rencontr\u00e9es par les personnes \u00e0 mobilit\u00e9 r\u00e9duite et d\u2019inclure chacun dans le combat pour l\u2019inclusion.\u00a0<\/p>\n<p style=\"text-align: justify;\">Nous remercions \u00e9galement le Comit\u00e9 Handisport du Nord pour nous avoir permis l&rsquo;organisation de cette journ\u00e9e.<\/p>\n<\/div>\n<ul>\n<li>\n<p>        <img decoding=\"async\" src=\"\/wp-content\/uploads\/IMG_3810-rotated-c2b0a1e2.webp\" alt=\"\"><\/p>\n<\/li>\n<li>\n<p>        <img decoding=\"async\" src=\"\/wp-content\/uploads\/IMG_3769-rotated-2545f54b.webp\" alt=\"\"><\/p>\n<\/li>\n<li>\n<p>        <img decoding=\"async\" src=\"\/wp-content\/uploads\/IMG_3809-8535925f.webp\" alt=\"\"><\/p>\n<\/li>\n<li>\n<p>        <img decoding=\"async\" src=\"\/wp-content\/uploads\/IMG_3822-rotated-e32a0f46.webp\" alt=\"\"><\/p>\n<\/li>\n<\/ul>\n<p><img decoding=\"async\" src=\"\/wp-content\/uploads\/JOURNEES-DE-SENSIBILISATION-7803319d.webp\" alt=\"\"><br \/>\n<img decoding=\"async\" src=\"\/wp-content\/uploads\/JOURNEES-DE-SENSIBILISATION-1-5dbcd5be.webp\" alt=\"\"><\/p>\n<div>\n<h3 style=\"text-align: justify;\">J2 : 13 mai 2025 &#8211; <span data-olk-copy-source=\"MessageBody\">Villebon-sur-Yvette<\/span><\/h3>\n<p style=\"text-align: justify;\"><span data-olk-copy-source=\"MessageBody\">Suite \u00e0 notre journ\u00e9e de sensibilisation du 13 mai, nos \u00e9quipes vivent une nouvelle journ\u00e9e de sensibilisation handisport aux c\u00f4t\u00e9s du Comit\u00e9 D\u00e9partemental Handisport de l\u2019Essonne. Le <\/span><span>programme \u00e9tait bas\u00e9s sur la d<\/span><span>\u00e9couverte de disciplines handisport, l&rsquo;i<\/span><span>mmersion, l&rsquo;\u00e9change et la coh\u00e9sion pour partager d<\/span><span>e belles valeurs autour de l\u2019inclusion par le sport. <\/span><span>Une exp\u00e9rience enrichissante et f\u00e9d\u00e9ratrice pour toutes et tous.<\/span><\/p>\n<\/div>\n<ul>\n<li>\n<p>        <img decoding=\"async\" src=\"\/wp-content\/uploads\/Media-1-Modifie-74c811c9.webp\" alt=\"\"><\/p>\n<\/li>\n<li>\n<p>        <img decoding=\"async\" src=\"\/wp-content\/uploads\/PXL_20250513_084844260-Modifie-c4e9666f.webp\" alt=\"\"><\/p>\n<\/li>\n<li>\n<p>        <img decoding=\"async\" src=\"\/wp-content\/uploads\/PXL_20250513_091243149.MP-Modifie-6e276109.webp\" alt=\"\"><\/p>\n<\/li>\n<li>\n<p>        <img decoding=\"async\" src=\"\/wp-content\/uploads\/PXL_20250513_091911885.MP-Modifie-c59b7741.webp\" alt=\"\"><\/p>\n<\/li>\n<\/ul>\n<div>\n<h3 style=\"text-align: justify;\">J3 : 3 juillet 2025 &#8211; Saint-Priest<\/h3>\n<p>Merci \u00e0 toutes et tous pour votre pr\u00e9sence et votre engagement lors de cette journ\u00e9e d\u00e9di\u00e9e \u00e0 l\u2019inclusion.<\/p>\n<p>Riche en \u00e9changes et en d\u00e9couvertes, cette journ\u00e9e a permis de mieux comprendre les r\u00e9alit\u00e9s v\u00e9cues par les personnes en situation de handicap, qu\u2019il s\u2019agisse de d\u00e9ficience visuelle ou de mobilit\u00e9 r\u00e9duite, et de nous sensibiliser collectivement aux enjeux de l\u2019inclusion.<\/p>\n<p>Un grand merci \u00e9galement au Comit\u00e9 D\u00e9partemental Handisport du Rh\u00f4ne pour son accompagnement et sa mobilisation, qui ont largement contribu\u00e9 \u00e0 la r\u00e9ussite de cette journ\u00e9e.<\/p>\n<\/div>\n<ul>\n<li>\n<p>        <img decoding=\"async\" src=\"\/wp-content\/uploads\/GiwaySport2025-Lyon-1.jpg\" alt=\"\"><\/p>\n<\/li>\n<li>\n<p>        <img decoding=\"async\" src=\"\/wp-content\/uploads\/GiwaySport2025-Lyon-2.jpg\" alt=\"\"><\/p>\n<\/li>\n<li>\n<p>        <img decoding=\"async\" src=\"\/wp-content\/uploads\/GiwaySport2025-Lyon-3.jpg\" alt=\"\"><\/p>\n<\/li>\n<li>\n<p>        <img decoding=\"async\" src=\"\/wp-content\/uploads\/GiwaySport2025-Lyon-4.jpg\" alt=\"\"><\/p>\n<\/li>\n<li>\n<p>        <img decoding=\"async\" src=\"\/wp-content\/uploads\/GiwaySport2025-Lyon-5.jpg\" alt=\"\"><\/p>\n<\/li>\n<\/ul>\n<p><img decoding=\"async\" src=\"\/wp-content\/uploads\/JOURNEES-DE-SENSIBILISATION-2-scaled.png\" alt=\"\"><br \/>\n<img decoding=\"async\" src=\"\/wp-content\/uploads\/JOURNEES-DE-SENSIBILISATION-4.png\" alt=\"\"><\/p>\n<div>\n<h3>J4 : 30 SEPTEMBRE 2025 &#8211; VITROLLES<\/h3>\n<p class=\"cvGsUA direction-ltr align-center para-style-body\" style=\"text-align: justify;\"><span class=\"a_GcMg font-feature-liga-off font-feature-clig-off font-feature-calt-off text-decoration-none text-strikethrough-none\">Suite \u00e0 notre journ\u00e9e de sensibilisation du 30 septembre \u00e0 Vitrolles, nous tenions \u00e0 vous remercier toutes et tous pour votre pr\u00e9sence et votre participation.<\/span><\/p>\n<p class=\"cvGsUA direction-ltr align-center para-style-body\" style=\"text-align: justify;\"><span class=\"a_GcMg white-space-prewrap font-feature-liga-off font-feature-clig-off font-feature-calt-off text-decoration-none text-strikethrough-none\"> <\/span><span class=\"a_GcMg font-feature-liga-off font-feature-clig-off font-feature-calt-off text-decoration-none text-strikethrough-none\">Cette journ\u00e9e, plac\u00e9e sous le signe du partage et de l\u2019\u00e9change, a permis de mettre en lumi\u00e8re les probl\u00e9matiques rencontr\u00e9es par les personnes en situation de handicap et de sensibiliser chacun \u00e0 l\u2019importance de l\u2019inclusion.<\/span><\/p>\n<p class=\"cvGsUA direction-ltr align-center para-style-body\" style=\"text-align: justify;\"><span class=\"a_GcMg font-feature-liga-off font-feature-clig-off font-feature-calt-off text-decoration-none text-strikethrough-none\">Nous remercions \u00e9galement le Comit\u00e9 D\u00e9partemental Handisport des Bouches-du-Rh\u00f4ne ainsi que le Club de Volley Ball de Coudoux, Velaux et la Fare pour leur accompagnement et leur implication tout au long de cette journ\u00e9e, qui ont largement contribu\u00e9 \u00e0 sa r\u00e9ussite.<\/span><\/p>\n<\/div>\n<ul>\n<li>\n<p>        <img decoding=\"async\" src=\"\/wp-content\/uploads\/PXL_20250930_091340953.jpg\" alt=\"\"><\/p>\n<\/li>\n<li>\n<p>        <img decoding=\"async\" src=\"\/wp-content\/uploads\/PXL_20250930_110440503.jpg\" alt=\"\"><\/p>\n<\/li>\n<li>\n<p>        <img decoding=\"async\" src=\"\/wp-content\/uploads\/PXL_20250930_092425198.jpg\" alt=\"\"><\/p>\n<\/li>\n<li>\n<p>        <img decoding=\"async\" src=\"\/wp-content\/uploads\/PXL_20250930_101935480-scaled.jpg\" alt=\"\"><\/p>\n<\/li>\n<\/ul>\n<p><!--more--><br \/>\n<!-- {\"name\":\"Bonne Ann\\u00e9e 2022\",\"type\":\"layout\",\"children\":[{\"type\":\"section\",\"props\":{\"image\":\"wp-content\\\/uploads\\\/cessi-foot-giwaysport2025.png\",\"image_position\":\"center-center\",\"image_size\":\"cover\",\"padding\":\"large\",\"style\":\"default\",\"title_breakpoint\":\"xl\",\"title_position\":\"top-left\",\"title_rotation\":\"left\",\"vertical_align\":\"\",\"width\":\"large\"},\"children\":[{\"type\":\"row\",\"props\":{\"width\":\"large\"},\"children\":[{\"type\":\"column\",\"props\":{\"image_position\":\"center-center\",\"position_sticky_breakpoint\":\"m\",\"width_medium\":\"1-1\"},\"children\":[{\"type\":\"headline\",\"props\":{\"content\":\"\n\n<h1><span style=\\\"color: #000000;\\\">GIWAY Sport 2025<\\\/span><\\\/h1>\",\"title_element\":\"h1\",\"title_style\":\"heading-small\"}}]}]}]},{\"type\":\"section\",\"props\":{\"image_position\":\"center-center\",\"padding_remove_bottom\":true,\"padding_remove_top\":false,\"style\":\"default\",\"title_breakpoint\":\"xl\",\"title_position\":\"top-left\",\"title_rotation\":\"left\",\"vertical_align\":\"\",\"width\":\"large\"},\"children\":[{\"type\":\"row\",\"children\":[{\"type\":\"column\",\"props\":{\"image_position\":\"center-center\",\"position_sticky_breakpoint\":\"m\",\"width_medium\":\"1-1\"},\"children\":[{\"type\":\"text\",\"props\":{\"column_breakpoint\":\"m\",\"content\":\"\n\n<h2>Groupe Interway est fier d'annoncer le renouvellement de son initiative sportive, GIWAY Sport 2025, d\\u00e9di\\u00e9e au soutien du handisport<\\\/h2>\",\"margin\":\"default\",\"text_style\":\"large\"}}]}]}]},{\"type\":\"section\",\"props\":{\"image_position\":\"center-center\",\"style\":\"default\",\"title_breakpoint\":\"xl\",\"title_position\":\"top-left\",\"title_rotation\":\"left\",\"vertical_align\":\"middle\",\"width\":\"default\"},\"children\":[{\"type\":\"row\",\"props\":{\"layout\":\"1-2,1-2\"},\"children\":[{\"type\":\"column\",\"props\":{\"image_position\":\"center-center\",\"position_sticky_breakpoint\":\"m\",\"width_medium\":\"1-2\"},\"children\":[{\"type\":\"image\",\"props\":{\"image\":\"wp-content\\\/uploads\\\/photo-giwaysport-remise-de-cheque-scaled.jpg\",\"image_svg_color\":\"emphasis\",\"margin\":\"default\"}}]},{\"type\":\"column\",\"props\":{\"image_position\":\"center-center\",\"position_sticky_breakpoint\":\"m\",\"width_medium\":\"1-2\"},\"children\":[{\"type\":\"text\",\"props\":{\"column_breakpoint\":\"m\",\"content\":\"\n\n<p><b>Ensemble, nous faisons la diff\\u00e9rence !\\u00a0<\\\/b><\\\/p>\\n\n\n<p><span style=\\\"font-weight: 400;\\\">Interway est fi\\u00e8re d\\u2019avoir remis un ch\\u00e8que de <\\\/span><b>1 760 \\u20ac<\\\/b><span style=\\\"font-weight: 400;\\\"> au Comit\\u00e9 Handisport D\\u00e9partemental des Bouches-du-Rh\\u00f4ne, fruit de l'engagement de nos collaborateurs lors des journ\\u00e9es de sensibilisation au handisport du projet Giwaysport2025 organis\\u00e9es sur nos diff\\u00e9rents sites.<\\\/span><\\\/p>\\n\n\n<p><span style=\\\"font-weight: 400;\\\">Ce don permettra de soutenir concr\\u00e8tement trois jeunes sportifs de haut niveau dans leur parcours d'excellence :<\\\/span><\\\/p>\\n\n\n<p><b>Abdelrhamane Martinez<\\\/b><span style=\\\"font-weight: 400;\\\">, 18 ans - Espoir en Goalball D1 (Sportif de haut niveau). Financement de ses d\\u00e9placements et stages sportifs.<\\\/span><\\\/p>\\n\n\n<p><b>Samy Bouaffad<\\\/b><span style=\\\"font-weight: 400;\\\">, 17 ans - Espoir en Para-athl\\u00e9tisme (60m, 100m, 200m, 400m). Sportif de haut niveau. Soutien pour sa formation au CREPS et participation aux comp\\u00e9titions.<\\\/span><\\\/p>\\n\n\n<p><b>Akram Djeridi<\\\/b><span style=\\\"font-weight: 400;\\\">, 26 ans - Boccia BC2. Accompagnement pour sa participation au Championnat de France.<\\\/span><\\\/p>\\n\n\n<p><span style=\\\"font-weight: 400;\\\">Une partie du don sera \\u00e9galement d\\u00e9di\\u00e9e \\u00e0 l'accompagnement de jeunes para sportifs issus des quartiers prioritaires, leur offrant l'opportunit\\u00e9 de participer \\u00e0 des stages sportifs et de r\\u00e9v\\u00e9ler leur potentiel.<\\\/span><\\\/p>\\n\n\n<p><span style=\\\"font-weight: 400;\\\">Merci \\u00e0 tous nos collaborateurs qui, par leur participation, ont rendu possible cette belle action solidaire.\\u00a0<\\\/span><\\\/p>\\n\n\n<p><span style=\\\"font-weight: 400;\\\">Le sport est un formidable vecteur d'inclusion et de d\\u00e9passement de soi !\\u00a0<\\\/span><\\\/p>\",\"margin\":\"default\"}}]}]}]},{\"type\":\"section\",\"props\":{\"image_position\":\"center-center\",\"style\":\"muted\",\"title_breakpoint\":\"xl\",\"title_position\":\"top-left\",\"title_rotation\":\"left\",\"vertical_align\":\"\",\"width\":\"large\"},\"children\":[{\"type\":\"row\",\"props\":{\"layout\":\"1-2,1-2\"},\"children\":[{\"type\":\"column\",\"props\":{\"image_position\":\"center-center\",\"position_sticky_breakpoint\":\"m\",\"width_medium\":\"1-2\"},\"children\":[{\"type\":\"text\",\"props\":{\"column_breakpoint\":\"m\",\"content\":\"\n\n<h3 style=\\\"text-align: justify;\\\"><strong>GIWAYsport2025 : le handisport au coeur de 4 journ\\u00e9es de sensibilisation<\\\/strong><\\\/h3>\\n\n\n<p style=\\\"text-align: justify;\\\"><span>Dans la continuit\\u00e9 de l\\u2019\\u00e9dition 2024, <strong>Groupe Interway renouvelle son engagement pour l\\u2019inclusion \\u00e0 travers Giway Sport 2025<\\\/strong>, une initiative pens\\u00e9e pour sensibiliser nos collaborateurs au handisport et promouvoir un sport accessible \\u00e0 tous.<\\\/span><\\\/p>\\n\n\n<p style=\\\"text-align: justify;\\\"><span>Cette ann\\u00e9e, ce sont <strong>4 journ\\u00e9es de mobilisation<\\\/strong> qui seront propos\\u00e9es sur plusieurs de nos sites, en partenariat avec les comit\\u00e9s handisport d\\u00e9partementaux. \\u00c0 travers des ateliers immersifs et participatifs, nos \\u00e9quipes pourront d\\u00e9couvrir la richesse et les d\\u00e9fis du handisport, tout en soutenant une cause essentielle.<\\\/span><\\\/p>\\n\n\n<p style=\\\"text-align: justify;\\\"><span>Pour chaque participation \\u00e0 un atelier, un don sera revers\\u00e9 au <strong>comit\\u00e9 handisport des Bouches-du-Rh\\u00f4ne<\\\/strong>. Une mani\\u00e8re concr\\u00e8te et solidaire d\\u2019allier engagement et action de terrain.<\\\/span><\\\/p>\\n\n\n<p style=\\\"text-align: justify;\\\"><span>Chez Interway, nous croyons que l'inclusion passe par l'exp\\u00e9rience, le partage et l'action. Giway Sport 2025 est bien plus qu\\u2019un \\u00e9v\\u00e9nement : c\\u2019est un pas de plus vers un avenir plus juste, plus ouvert, et plus uni.<\\\/span><\\\/p>\",\"margin\":\"default\"}}]},{\"type\":\"column\",\"props\":{\"image_position\":\"center-center\",\"position_sticky_breakpoint\":\"m\",\"width_medium\":\"1-2\"},\"children\":[{\"type\":\"image\",\"props\":{\"image\":\"wp-content\\\/uploads\\\/Image-carre-presentation-GIWAY-Sport-1.png\",\"image_border\":\"rounded\",\"image_svg_color\":\"emphasis\",\"margin\":\"default\"}}]}]}]},{\"type\":\"section\",\"props\":{\"image_position\":\"center-center\",\"style\":\"default\",\"title_breakpoint\":\"xl\",\"title_position\":\"top-left\",\"title_rotation\":\"left\",\"vertical_align\":\"\",\"width\":\"large\"},\"children\":[{\"type\":\"row\",\"props\":{\"layout\":\"1-2,1-2\"},\"children\":[{\"type\":\"column\",\"props\":{\"image_position\":\"center-center\",\"position_sticky_breakpoint\":\"m\",\"width_medium\":\"1-2\"},\"children\":[{\"type\":\"image\",\"props\":{\"image\":\"wp-content\\\/uploads\\\/Image-carre-Comite-Handisport-13-GIWAY-Sport.png\",\"image_border\":\"rounded\",\"image_svg_color\":\"emphasis\",\"margin\":\"default\"}}]},{\"type\":\"column\",\"props\":{\"image_position\":\"center-center\",\"position_sticky_breakpoint\":\"m\",\"width_medium\":\"1-2\"},\"children\":[{\"type\":\"text\",\"props\":{\"column_breakpoint\":\"m\",\"content\":\"\n\n<h3><strong>Le Comit\\u00e9 Handisport<\\\/strong><\\\/h3>\\n\n\n<p style=\\\"text-align: justify;\\\">La F\\u00e9d\\u00e9ration Fran\\u00e7aise Handisport <span>\\u0153uvre au d\\u00e9veloppement, \\u00e0 la promotion et l\\u2019animation des activit\\u00e9s sportives destin\\u00e9es aux personnes en situation de handicap physique et\\\/ou sensoriel.\\u00a0La F\\u00e9d\\u00e9ration Fran\\u00e7aise Handisport, 1ere f\\u00e9d\\u00e9ration sportive inclusive de France, agit pour permettre \\u00e0 toute personne en situation de handicap d\\u2019acc\\u00e9der \\u00e0 une pratique sportive que ce soit dans un objectif de bien \\u00eatre ou de d\\u00e9passement.\\u00a0<\\\/span><\\\/p>\\n\n\n<p>Chez Interway, nous travaillerons en partenariat avec les Comit\\u00e9s D\\u00e9partementaux correspondant aux sites de sensibilisation.<\\\/p>\\n\n\n<ul>\\n\n\n<li>Le Comit\\u00e9 Handisport du 59 pour Wambrechies<\\\/li>\\n\n\n<li>Le Comit\\u00e9 Handisport du 91 pour Villebon sur Yvette<\\\/li>\\n\n\n<li>Le Comit\\u00e9 Handisport du 69 pour Saint-Priest<\\\/li>\\n\n\n<li>Le Comit\\u00e9 Handisport du 13 pour Vitrolles<\\\/li>\\n<\\\/ul>\",\"margin\":\"default\"}}]}]}]},{\"type\":\"section\",\"props\":{\"image_position\":\"center-center\",\"style\":\"muted\",\"title_breakpoint\":\"xl\",\"title_position\":\"top-left\",\"title_rotation\":\"left\",\"vertical_align\":\"\",\"width\":\"large\"},\"children\":[{\"type\":\"row\",\"props\":{\"layout\":\"1-2,1-2\"},\"children\":[{\"type\":\"column\",\"props\":{\"image_position\":\"center-center\",\"position_sticky_breakpoint\":\"m\",\"width_medium\":\"1-2\"},\"children\":[{\"type\":\"text\",\"props\":{\"column_breakpoint\":\"m\",\"content\":\"\n\n<h3 style=\\\"text-align: justify;\\\">J1 : 6 mai 2025 - Wambrechies<\\\/h3>\\n\n\n<p style=\\\"text-align: justify;\\\">Suite \\u00e0 notre journ\\u00e9e de sensibilisation du 6 mai, nous tenions \\u00e0 vous remercier toutes et tous pour votre pr\\u00e9sence. Cette journ\\u00e9e, pleine de partage et d\\u2018\\u00e9change, \\u00e0 permis de mettre en lumi\\u00e8re des probl\\u00e9matiques rencontr\\u00e9es par les personnes \\u00e0 mobilit\\u00e9 r\\u00e9duite et d\\u2019inclure chacun dans le combat pour l\\u2019inclusion.\\u00a0<\\\/p>\\n\n\n<p style=\\\"text-align: justify;\\\">Nous remercions \\u00e9galement le Comit\\u00e9 Handisport du Nord pour nous avoir permis l'organisation de cette journ\\u00e9e.<\\\/p>\",\"margin\":\"default\"}},{\"type\":\"slideshow\",\"props\":{\"link_style\":\"default\",\"link_text\":\"Read more\",\"margin\":\"default\",\"meta_align\":\"below-title\",\"meta_element\":\"div\",\"meta_style\":\"text-meta\",\"nav\":\"dotnav\",\"nav_align\":\"center\",\"nav_breakpoint\":\"s\",\"nav_position\":\"bottom-center\",\"nav_position_margin\":\"medium\",\"overlay_animation\":\"parallax\",\"overlay_position\":\"center-left\",\"show_content\":true,\"show_link\":true,\"show_meta\":true,\"show_thumbnail\":true,\"show_title\":true,\"slidenav\":\"default\",\"slidenav_breakpoint\":\"s\",\"slidenav_margin\":\"medium\",\"slidenav_outside_breakpoint\":\"xl\",\"slideshow_autoplay_pause\":true,\"slideshow_min_height\":300,\"thumbnav_height\":\"75\",\"thumbnav_svg_color\":\"emphasis\",\"thumbnav_width\":\"100\",\"title_element\":\"h3\",\"title_hover_style\":\"reset\"},\"children\":[{\"type\":\"slideshow_item\",\"props\":{\"image\":\"wp-content\\\/uploads\\\/IMG_3810-rotated-c2b0a1e2.webp\"}},{\"type\":\"slideshow_item\",\"props\":{\"image\":\"wp-content\\\/uploads\\\/IMG_3769-rotated-2545f54b.webp\"}},{\"type\":\"slideshow_item\",\"props\":{\"image\":\"wp-content\\\/uploads\\\/IMG_3809-8535925f.webp\"}},{\"type\":\"slideshow_item\",\"props\":{\"image\":\"wp-content\\\/uploads\\\/IMG_3822-rotated-e32a0f46.webp\"}}]}]},{\"type\":\"column\",\"props\":{\"image_position\":\"center-center\",\"position_sticky_breakpoint\":\"m\",\"width_medium\":\"1-2\"},\"children\":[{\"type\":\"image\",\"props\":{\"image\":\"wp-content\\\/uploads\\\/JOURNEES-DE-SENSIBILISATION-7803319d.webp\",\"image_border\":\"rounded\",\"image_svg_color\":\"emphasis\",\"margin\":\"default\"}}]}]}],\"name\":\"Lille\"},{\"type\":\"section\",\"props\":{\"image_position\":\"center-center\",\"style\":\"default\",\"title_breakpoint\":\"xl\",\"title_position\":\"top-left\",\"title_rotation\":\"left\",\"vertical_align\":\"\",\"width\":\"large\"},\"children\":[{\"type\":\"row\",\"props\":{\"layout\":\"1-2,1-2\"},\"children\":[{\"type\":\"column\",\"props\":{\"image_position\":\"center-center\",\"position_sticky_breakpoint\":\"m\",\"width_medium\":\"1-2\"},\"children\":[{\"type\":\"image\",\"props\":{\"image\":\"wp-content\\\/uploads\\\/JOURNEES-DE-SENSIBILISATION-1-5dbcd5be.webp\",\"image_border\":\"rounded\",\"image_svg_color\":\"emphasis\",\"margin\":\"default\"}}]},{\"type\":\"column\",\"props\":{\"image_position\":\"center-center\",\"position_sticky_breakpoint\":\"m\",\"width_medium\":\"1-2\"},\"children\":[{\"type\":\"text\",\"props\":{\"column_breakpoint\":\"m\",\"content\":\"\n\n<h3 style=\\\"text-align: justify;\\\">J2 : 13 mai 2025 - <span data-olk-copy-source=\\\"MessageBody\\\">Villebon-sur-Yvette<\\\/span><\\\/h3>\\n\n\n<p style=\\\"text-align: justify;\\\"><span data-olk-copy-source=\\\"MessageBody\\\">Suite \\u00e0 notre journ\\u00e9e de sensibilisation du 13 mai, nos \\u00e9quipes vivent une nouvelle journ\\u00e9e de sensibilisation handisport aux c\\u00f4t\\u00e9s du Comit\\u00e9 D\\u00e9partemental Handisport de l\\u2019Essonne. Le <\\\/span><span>programme \\u00e9tait bas\\u00e9s sur la d<\\\/span><span>\\u00e9couverte de disciplines handisport, l'i<\\\/span><span>mmersion, l'\\u00e9change et la coh\\u00e9sion pour partager d<\\\/span><span>e belles valeurs autour de l\\u2019inclusion par le sport. <\\\/span><span>Une exp\\u00e9rience enrichissante et f\\u00e9d\\u00e9ratrice pour toutes et tous.<\\\/span><\\\/p>\",\"margin\":\"default\"}},{\"type\":\"slideshow\",\"props\":{\"link_style\":\"default\",\"link_text\":\"Read more\",\"margin\":\"default\",\"meta_align\":\"below-title\",\"meta_element\":\"div\",\"meta_style\":\"text-meta\",\"nav\":\"dotnav\",\"nav_align\":\"center\",\"nav_breakpoint\":\"s\",\"nav_position\":\"bottom-center\",\"nav_position_margin\":\"medium\",\"overlay_animation\":\"parallax\",\"overlay_position\":\"center-left\",\"show_content\":true,\"show_link\":true,\"show_meta\":true,\"show_thumbnail\":true,\"show_title\":true,\"slidenav\":\"default\",\"slidenav_breakpoint\":\"s\",\"slidenav_margin\":\"medium\",\"slidenav_outside_breakpoint\":\"xl\",\"slideshow_autoplay_pause\":true,\"slideshow_min_height\":300,\"thumbnav_height\":\"75\",\"thumbnav_svg_color\":\"emphasis\",\"thumbnav_width\":\"100\",\"title_element\":\"h3\",\"title_hover_style\":\"reset\"},\"children\":[{\"type\":\"slideshow_item\",\"props\":{\"image\":\"wp-content\\\/uploads\\\/Media-1-Modifie-74c811c9.webp\"}},{\"type\":\"slideshow_item\",\"props\":{\"image\":\"wp-content\\\/uploads\\\/PXL_20250513_084844260-Modifie-c4e9666f.webp\"}},{\"type\":\"slideshow_item\",\"props\":{\"image\":\"wp-content\\\/uploads\\\/PXL_20250513_091243149.MP-Modifie-6e276109.webp\"}},{\"type\":\"slideshow_item\",\"props\":{\"image\":\"wp-content\\\/uploads\\\/PXL_20250513_091911885.MP-Modifie-c59b7741.webp\"}}]}]}]}],\"name\":\"Villebon\"},{\"type\":\"section\",\"props\":{\"image_position\":\"center-center\",\"style\":\"muted\",\"title_breakpoint\":\"xl\",\"title_position\":\"top-left\",\"title_rotation\":\"left\",\"vertical_align\":\"\",\"width\":\"large\"},\"children\":[{\"type\":\"row\",\"props\":{\"layout\":\"1-2,1-2\"},\"children\":[{\"type\":\"column\",\"props\":{\"image_position\":\"center-center\",\"position_sticky_breakpoint\":\"m\",\"width_medium\":\"1-2\"},\"children\":[{\"type\":\"text\",\"props\":{\"column_breakpoint\":\"m\",\"content\":\"\n\n<h3 style=\\\"text-align: justify;\\\">J3 : 3 juillet 2025 - Saint-Priest<\\\/h3>\\n\n\n<p>Merci \\u00e0 toutes et tous pour votre pr\\u00e9sence et votre engagement lors de cette journ\\u00e9e d\\u00e9di\\u00e9e \\u00e0 l\\u2019inclusion.<\\\/p>\\n\n\n<p>Riche en \\u00e9changes et en d\\u00e9couvertes, cette journ\\u00e9e a permis de mieux comprendre les r\\u00e9alit\\u00e9s v\\u00e9cues par les personnes en situation de handicap, qu\\u2019il s\\u2019agisse de d\\u00e9ficience visuelle ou de mobilit\\u00e9 r\\u00e9duite, et de nous sensibiliser collectivement aux enjeux de l\\u2019inclusion.<\\\/p>\\n\n\n<p>Un grand merci \\u00e9galement au Comit\\u00e9 D\\u00e9partemental Handisport du Rh\\u00f4ne pour son accompagnement et sa mobilisation, qui ont largement contribu\\u00e9 \\u00e0 la r\\u00e9ussite de cette journ\\u00e9e.<\\\/p>\",\"margin\":\"default\"}},{\"type\":\"slideshow\",\"props\":{\"link_style\":\"default\",\"link_text\":\"Read more\",\"margin\":\"default\",\"meta_align\":\"below-title\",\"meta_element\":\"div\",\"meta_style\":\"text-meta\",\"nav\":\"dotnav\",\"nav_align\":\"center\",\"nav_breakpoint\":\"s\",\"nav_position\":\"bottom-center\",\"nav_position_margin\":\"medium\",\"overlay_animation\":\"parallax\",\"overlay_position\":\"center-left\",\"show_content\":true,\"show_link\":true,\"show_meta\":true,\"show_thumbnail\":true,\"show_title\":true,\"slidenav\":\"default\",\"slidenav_breakpoint\":\"s\",\"slidenav_margin\":\"medium\",\"slidenav_outside_breakpoint\":\"xl\",\"slideshow_autoplay_pause\":true,\"slideshow_min_height\":300,\"thumbnav_height\":\"75\",\"thumbnav_svg_color\":\"emphasis\",\"thumbnav_width\":\"100\",\"title_element\":\"h3\",\"title_hover_style\":\"reset\"},\"children\":[{\"type\":\"slideshow_item\",\"props\":{\"image\":\"wp-content\\\/uploads\\\/GiwaySport2025-Lyon-1.jpg\"}},{\"type\":\"slideshow_item\",\"props\":{\"image\":\"wp-content\\\/uploads\\\/GiwaySport2025-Lyon-2.jpg\"}},{\"type\":\"slideshow_item\",\"props\":{\"image\":\"wp-content\\\/uploads\\\/GiwaySport2025-Lyon-3.jpg\"}},{\"type\":\"slideshow_item\",\"props\":{\"image\":\"wp-content\\\/uploads\\\/GiwaySport2025-Lyon-4.jpg\"}},{\"type\":\"slideshow_item\",\"props\":{\"image\":\"wp-content\\\/uploads\\\/GiwaySport2025-Lyon-5.jpg\"}}]}]},{\"type\":\"column\",\"props\":{\"image_position\":\"center-center\",\"position_sticky_breakpoint\":\"m\",\"width_medium\":\"1-2\"},\"children\":[{\"type\":\"image\",\"props\":{\"image\":\"wp-content\\\/uploads\\\/JOURNEES-DE-SENSIBILISATION-2-scaled.png\",\"image_border\":\"rounded\",\"image_svg_color\":\"emphasis\",\"margin\":\"default\"}}]}]}],\"name\":\"Lyon\"},{\"type\":\"section\",\"props\":{\"image_position\":\"center-center\",\"style\":\"default\",\"title_breakpoint\":\"xl\",\"title_position\":\"top-left\",\"title_rotation\":\"left\",\"vertical_align\":\"middle\",\"width\":\"default\"},\"children\":[{\"type\":\"row\",\"props\":{\"layout\":\"1-2,1-2\"},\"children\":[{\"type\":\"column\",\"props\":{\"image_position\":\"center-center\",\"position_sticky_breakpoint\":\"m\",\"width_medium\":\"1-2\"},\"children\":[{\"type\":\"image\",\"props\":{\"image\":\"wp-content\\\/uploads\\\/JOURNEES-DE-SENSIBILISATION-4.png\",\"image_svg_color\":\"emphasis\",\"margin\":\"default\"}}]},{\"type\":\"column\",\"props\":{\"image_position\":\"center-center\",\"position_sticky_breakpoint\":\"m\",\"width_medium\":\"1-2\"},\"children\":[{\"type\":\"text\",\"props\":{\"column_breakpoint\":\"m\",\"content\":\"\n\n<h3>J4 : 30 SEPTEMBRE 2025 - VITROLLES<\\\/h3>\\n\n\n<p class=\\\"cvGsUA direction-ltr align-center para-style-body\\\" style=\\\"text-align: justify;\\\"><span class=\\\"a_GcMg font-feature-liga-off font-feature-clig-off font-feature-calt-off text-decoration-none text-strikethrough-none\\\">Suite \\u00e0 notre journ\\u00e9e de sensibilisation du 30 septembre \\u00e0 Vitrolles, nous tenions \\u00e0 vous remercier toutes et tous pour votre pr\\u00e9sence et votre participation.<\\\/span><\\\/p>\\n\n\n<p class=\\\"cvGsUA direction-ltr align-center para-style-body\\\" style=\\\"text-align: justify;\\\"><span class=\\\"a_GcMg white-space-prewrap font-feature-liga-off font-feature-clig-off font-feature-calt-off text-decoration-none text-strikethrough-none\\\"> <\\\/span><span class=\\\"a_GcMg font-feature-liga-off font-feature-clig-off font-feature-calt-off text-decoration-none text-strikethrough-none\\\">Cette journ\\u00e9e, plac\\u00e9e sous le signe du partage et de l\\u2019\\u00e9change, a permis de mettre en lumi\\u00e8re les probl\\u00e9matiques rencontr\\u00e9es par les personnes en situation de handicap et de sensibiliser chacun \\u00e0 l\\u2019importance de l\\u2019inclusion.<\\\/span><\\\/p>\\n\n\n<p class=\\\"cvGsUA direction-ltr align-center para-style-body\\\" style=\\\"text-align: justify;\\\"><span class=\\\"a_GcMg font-feature-liga-off font-feature-clig-off font-feature-calt-off text-decoration-none text-strikethrough-none\\\">Nous remercions \\u00e9galement le Comit\\u00e9 D\\u00e9partemental Handisport des Bouches-du-Rh\\u00f4ne ainsi que le Club de Volley Ball de Coudoux, Velaux et la Fare pour leur accompagnement et leur implication tout au long de cette journ\\u00e9e, qui ont largement contribu\\u00e9 \\u00e0 sa r\\u00e9ussite.<\\\/span><\\\/p>\",\"margin\":\"default\"}},{\"type\":\"slideshow\",\"props\":{\"link_style\":\"default\",\"link_text\":\"Read more\",\"margin\":\"default\",\"meta_align\":\"below-title\",\"meta_element\":\"div\",\"meta_style\":\"text-meta\",\"nav\":\"dotnav\",\"nav_align\":\"center\",\"nav_breakpoint\":\"s\",\"nav_position\":\"bottom-center\",\"nav_position_margin\":\"medium\",\"overlay_animation\":\"parallax\",\"overlay_position\":\"center-left\",\"show_content\":true,\"show_link\":true,\"show_meta\":true,\"show_thumbnail\":true,\"show_title\":true,\"slidenav\":\"default\",\"slidenav_breakpoint\":\"s\",\"slidenav_margin\":\"medium\",\"slidenav_outside_breakpoint\":\"xl\",\"slideshow_autoplay_pause\":true,\"slideshow_min_height\":300,\"thumbnav_height\":\"75\",\"thumbnav_svg_color\":\"emphasis\",\"thumbnav_width\":\"100\",\"title_element\":\"h3\",\"title_hover_style\":\"reset\"},\"children\":[{\"type\":\"slideshow_item\",\"props\":{\"image\":\"wp-content\\\/uploads\\\/PXL_20250930_091340953.jpg\"}},{\"type\":\"slideshow_item\",\"props\":{\"image\":\"wp-content\\\/uploads\\\/PXL_20250930_110440503.jpg\"}},{\"type\":\"slideshow_item\",\"props\":{\"image\":\"wp-content\\\/uploads\\\/PXL_20250930_092425198.jpg\"}},{\"type\":\"slideshow_item\",\"props\":{\"image\":\"wp-content\\\/uploads\\\/PXL_20250930_101935480-scaled.jpg\"}}]}]}]}]},{\"type\":\"section\",\"props\":{\"image_position\":\"center-center\",\"status\":\"disabled\",\"style\":\"muted\",\"title_breakpoint\":\"xl\",\"title_position\":\"top-left\",\"title_rotation\":\"left\",\"vertical_align\":\"\",\"width\":\"large\"},\"children\":[{\"type\":\"row\",\"children\":[{\"type\":\"column\",\"props\":{\"image_position\":\"center-center\",\"position_sticky_breakpoint\":\"m\",\"width_medium\":\"1-1\"},\"children\":[{\"type\":\"text\",\"props\":{\"column_breakpoint\":\"m\",\"content\":\"\n\n<p style=\\\"text-align: center;\\\">Les collaborateurs Groupe Interway au c\\u0153ur de notre projet<\\\/p>\",\"margin\":\"default\",\"text_style\":\"large\"}}]}]}]},{\"type\":\"section\",\"props\":{\"image_position\":\"center-center\",\"status\":\"disabled\",\"style\":\"default\",\"title_breakpoint\":\"xl\",\"title_position\":\"top-left\",\"title_rotation\":\"left\",\"vertical_align\":\"\",\"width\":\"large\"},\"children\":[{\"type\":\"row\",\"props\":{\"layout\":\"1-2,1-2\"},\"children\":[{\"type\":\"column\",\"props\":{\"image_position\":\"center-center\",\"position_sticky_breakpoint\":\"m\",\"width_medium\":\"1-2\"},\"children\":[{\"type\":\"image\",\"props\":{\"image\":\"wp-content\\\/uploads\\\/2024-03-19-J1GIWAYSport-1-3d466b-f8323bcc.webp\",\"image_border\":\"rounded\",\"image_box_shadow\":\"medium\",\"image_svg_color\":\"emphasis\",\"margin\":\"default\"}}]},{\"type\":\"column\",\"props\":{\"image_position\":\"center-center\",\"position_sticky_breakpoint\":\"m\",\"style\":\"card-secondary\",\"width_medium\":\"1-2\"},\"children\":[{\"type\":\"text\",\"props\":{\"column_breakpoint\":\"m\",\"content\":\"\n\n<h4 style=\\\"text-align: justify;\\\"><strong>Journ\\u00e9es de sensibilisation<\\\/strong><\\\/h4>\\n\n\n<h5>J1 : 19 mars 2024<\\\/h5>\\n\n\n<p style=\\\"text-align: justify;\\\">Pour rendre ce projet plus vivant en plus de nos actions, nous souhaitons sensibiliser nos collaborateurs au handisport en les faisant participer \\u00e0 des ateliers de sensibilisation, tels qu\\u2019un parcours fauteuil et un parcours mal voyant.<\\\/p>\\n\n\n<p style=\\\"text-align: justify;\\\">Le handisport incarne les valeurs d'effort, de d\\u00e9termination et d'inclusion que nous ch\\u00e9rissons chez Groupe Interway. En soutenant le Comit\\u00e9 Handisport, nous participons \\u00e0 la cr\\u00e9ation d'opportunit\\u00e9s \\u00e9quitables pour tous les athl\\u00e8tes, quelles que soient leurs capacit\\u00e9s.<\\\/p>\\n\n\n<p>En compagnie du\\u00a0Comit\\u00e9 d\\u00e9partemental Handisport des Bouches-du-Rh\\u00f4ne, le programme sera le suivant :\\u00a0<\\\/p>\\n\n\n<ul>\\n\n\n<li>Un parcours fauteuil classique, au cours duquel nos collaborateurs seront sensibilis\\u00e9s aux obstacles du quotidien rencontr\\u00e9s par les personnes \\u00e0 mobilit\\u00e9 r\\u00e9duite.<\\\/li>\\n\n\n<li>Un parcours basket fauteuil, encadr\\u00e9 par des handibasketteurs de haut niveau pour favoriser la sensibilisation par la mise en situation et l\\u2019action.<\\\/li>\\n\n\n<li>Une intervention de nos dirigeants, engag\\u00e9s pour l\\u2019inclusion et l\\u2019accessibilit\\u00e9.<\\\/li>\\n\n\n<li>Une rencontre inspirante avec\\u00a0Boustila Ouahid, handibasketteur de renom, qui partagera son parcours, ses d\\u00e9fis et son exp\\u00e9rience de d\\u00e9passement de soi.<\\\/li>\\n<\\\/ul>\\n\n\n<p><\\\/p>\",\"margin\":\"default\"}}]}]},{\"type\":\"row\",\"props\":{\"layout\":\"1-2,1-2\"},\"children\":[{\"type\":\"column\",\"props\":{\"image_position\":\"center-center\",\"position_sticky_breakpoint\":\"m\",\"style\":\"card-secondary\",\"width_medium\":\"1-2\"},\"children\":[{\"type\":\"text\",\"props\":{\"column_breakpoint\":\"m\",\"content\":\"\n\n<h4 style=\\\"text-align: justify;\\\"><strong>Journ\\u00e9es de sensibilisation<\\\/strong><\\\/h4>\\n\n\n<h5 style=\\\"text-align: justify;\\\"><strong>J2 : 10 septembre 2024<\\\/strong><\\\/h5>\\n\n\n<p>Retour en images sur notre journ\\u00e9e de sensibilisation au handisport !\\u00a0\\u00a0<br \\\/>Mardi dernier se tenait notre seconde journ\\u00e9e de sensibilisation au handisport, dans le cadre de notre projet GIWAY Sport 2024.<br \\\/>Groupe Interway a organis\\u00e9 une matin\\u00e9e de sensibilisation au handisport pour ses collaborateurs, mettant l'inclusion au c\\u0153ur de ses engagements.<br \\\/>Au programme : initiation au volley-ball assis et parcours en fauteuil roulant, offrant \\u00e0 chacun une exp\\u00e9rience enrichissante et f\\u00e9d\\u00e9ratrice.<br \\\/><br \\\/>Un immense merci \\u00e0 St\\u00e9phane Jamet, collaborateur du Groupe Interway et membre de l\\u2019association CV FVB, mais aussi au Comit\\u00e9 d\\u00e9partemental Handisport des Bouches-du-Rh\\u00f4ne et \\u00e0 tous nos collaborateurs qui ont r\\u00e9pondu pr\\u00e9sent. <br \\\/><br \\\/>Merci \\u00e0 nos dirigeants Patrick Benoit et Eric Jotti, qui se mobilisent activement pour faire de cette initiative sportive un v\\u00e9ritable succ\\u00e8s.<\\\/p>\",\"margin\":\"default\"}}]},{\"type\":\"column\",\"props\":{\"image_position\":\"center-center\",\"position_sticky_breakpoint\":\"m\",\"width_medium\":\"1-2\"},\"children\":[{\"type\":\"image\",\"props\":{\"image\":\"wp-content\\\/uploads\\\/Design-sans-titre-45.png\",\"image_border\":\"rounded\",\"image_box_shadow\":\"medium\",\"image_svg_color\":\"emphasis\",\"margin\":\"default\"}}]}]},{\"type\":\"row\",\"props\":{\"layout\":\"1-2,1-2\"},\"children\":[{\"type\":\"column\",\"props\":{\"image_position\":\"center-center\",\"position_sticky_breakpoint\":\"m\",\"width_medium\":\"1-2\"},\"children\":[{\"type\":\"image\",\"props\":{\"image\":\"wp-content\\\/uploads\\\/Remise-de-cheque-GIWAY-Sport-2024.jpg\",\"image_border\":\"rounded\",\"image_box_shadow\":\"medium\",\"image_svg_color\":\"emphasis\",\"margin\":\"default\"}}]},{\"type\":\"column\",\"props\":{\"image_position\":\"center-center\",\"position_sticky_breakpoint\":\"m\",\"style\":\"card-secondary\",\"width_medium\":\"1-2\"},\"children\":[{\"type\":\"text\",\"props\":{\"column_breakpoint\":\"m\",\"content\":\"\n\n<h4 style=\\\"text-align: justify;\\\"><strong>Remise de ch\\u00e8que<\\\/strong><\\\/h4>\\n\n\n<p style=\\\"text-align: justify;\\\"><span>Solidarit\\u00e9 et Sport au C\\u0153ur de l'Engagement de<\\\/span><span class=\\\"white-space-pre\\\">\\u00a0<\\\/span><span><br \\\/><\\\/span><span>Nous sommes fiers d'annoncer que nous avons remis un don de 1 500 \\u20ac\\u00a0au<\\\/span><span class=\\\"white-space-pre\\\"> <\\\/span><a class=\\\"uBRuLksiXRXJNxzCdmDLlNvbeHoNnTVInTsbWCI \\\" target=\\\"_self\\\" href=\\\"https:\\\/\\\/www.linkedin.com\\\/company\\\/comit%C3%A9-d%C3%A9partemental-handisport-des-bouches-du-rh%C3%B4ne\\\/\\\" data-test-app-aware-link=\\\"\\\"><span>Comit\\u00e9 d\\u00e9partemental Handisport des Bouches-du-Rh\\u00f4ne<\\\/span><\\\/a><span>, marquant ainsi la conclusion de notre projet<\\\/span><span class=\\\"white-space-pre\\\"> <\\\/span><span>GIWAYsport2024<\\\/span><span>.\\u00a0<\\\/span><span><br \\\/><\\\/span><span class=\\\"white-space-pre\\\"> <\\\/span><span><br \\\/><\\\/span><span>Ce projet symbolise l'engagement de<\\\/span><span class=\\\"white-space-pre\\\"> <\\\/span><a class=\\\"uBRuLksiXRXJNxzCdmDLlNvbeHoNnTVInTsbWCI \\\" target=\\\"_self\\\" href=\\\"https:\\\/\\\/www.linkedin.com\\\/company\\\/groupe-interway\\\/\\\" data-test-app-aware-link=\\\"\\\"><span><\\\/span><\\\/a><span class=\\\"white-space-pre\\\"> <\\\/span><span>\\u00e0 soutenir les valeurs du sport pour tous et \\u00e0 promouvoir l'accessibilit\\u00e9 et l'inclusion dans cette ann\\u00e9e exceptionnelle des Jeux Paralympiques 2024.<\\\/span><span><br \\\/><\\\/span><span class=\\\"white-space-pre\\\"> <\\\/span><span><br \\\/><\\\/span><span>Le<\\\/span><span class=\\\"white-space-pre\\\"> <\\\/span><a class=\\\"uBRuLksiXRXJNxzCdmDLlNvbeHoNnTVInTsbWCI \\\" target=\\\"_self\\\" href=\\\"https:\\\/\\\/www.linkedin.com\\\/company\\\/comit%C3%A9-d%C3%A9partemental-handisport-des-bouches-du-rh%C3%B4ne\\\/\\\" data-test-app-aware-link=\\\"\\\"><span>Comit\\u00e9 d\\u00e9partemental Handisport des Bouches-du-Rh\\u00f4ne<\\\/span><\\\/a><span class=\\\"white-space-pre\\\"> <\\\/span><span>joue un r\\u00f4le entiel en permettant \\u00e0 des athl\\u00e8tes en situation de handicap de pratiquer et de s'\\u00e9panouir \\u00e0 travers le sport. Nous sommes honor\\u00e9s de contribuer \\u00e0 leur mission et de les accompagner dans leur d\\u00e9veloppement.<\\\/span><span><br \\\/><\\\/span><span class=\\\"white-space-pre\\\"> <\\\/span><span><br \\\/><\\\/span><span>Merci \\u00e0 tous les collaborateurs et partenaires de Groupe Interway qui ont soutenu cette initiative et ont permis de faire de GIWAYsport2024 une r\\u00e9ussite ! Ensemble, nous faisons la diff\\u00e9rence.\\u00a0<\\\/span><\\\/p>\",\"margin\":\"default\"}}]}]},{\"type\":\"row\",\"children\":[{\"type\":\"column\",\"props\":{\"image_position\":\"center-center\",\"position_sticky_breakpoint\":\"m\",\"width_medium\":\"1-1\"},\"children\":[{\"type\":\"divider\",\"props\":{\"divider_element\":\"hr\"}}]}]}]},{\"type\":\"section\",\"props\":{\"image_position\":\"center-center\",\"status\":\"disabled\",\"style\":\"muted\",\"title_breakpoint\":\"xl\",\"title_position\":\"top-left\",\"title_rotation\":\"left\",\"vertical_align\":\"\",\"width\":\"large\"},\"children\":[{\"type\":\"row\",\"children\":[{\"type\":\"column\",\"props\":{\"image_position\":\"center-center\",\"position_sticky_breakpoint\":\"m\",\"width_medium\":\"1-1\"},\"children\":[{\"type\":\"headline\",\"props\":{\"content\":\"Retour en image de la participation de nos collaborateurs \\u00e0 des \\u00e9preuves sportives officielles\",\"title_element\":\"h1\",\"title_style\":\"heading-small\"}},{\"type\":\"text\",\"props\":{\"column_breakpoint\":\"m\",\"content\":\"\n\n<p>Merci \\u00e0 tous nos collaborateurs pour leur implication active dans cette belle aventure. Votre participation contribue \\u00e0 rendre le handisport plus accessible et \\u00e0 promouvoir l\\u2019\\u00e9galit\\u00e9 des chances.\\u00a0<\\\/p>\",\"margin\":\"default\"}},{\"type\":\"slideshow\",\"props\":{\"image_height\":\"1080\",\"image_width\":\"1920\",\"link_style\":\"default\",\"link_text\":\"Read more\",\"margin\":\"default\",\"meta_align\":\"below-title\",\"meta_element\":\"div\",\"meta_style\":\"text-meta\",\"nav\":\"dotnav\",\"nav_align\":\"center\",\"nav_breakpoint\":\"s\",\"nav_position\":\"bottom-center\",\"nav_position_margin\":\"medium\",\"overlay_animation\":\"parallax\",\"overlay_position\":\"center-left\",\"show_content\":true,\"show_link\":true,\"show_meta\":true,\"show_thumbnail\":true,\"show_title\":true,\"slidenav\":\"default\",\"slidenav_breakpoint\":\"s\",\"slidenav_margin\":\"medium\",\"slidenav_outside_breakpoint\":\"xl\",\"slideshow_autoplay_pause\":true,\"slideshow_height_viewport\":80,\"slideshow_min_height\":\"\",\"thumbnav_height\":\"75\",\"thumbnav_svg_color\":\"emphasis\",\"thumbnav_width\":\"100\",\"title_element\":\"h3\",\"title_hover_style\":\"reset\"},\"children\":[{\"type\":\"slideshow_item\",\"props\":{\"image\":\"wp-content\\\/uploads\\\/01-GIWAY-SPORT-2024.png\"}},{\"type\":\"slideshow_item\",\"props\":{\"image\":\"wp-content\\\/uploads\\\/02-GIWAY-SPORT-2024.png\"}},{\"type\":\"slideshow_item\",\"props\":{\"image\":\"wp-content\\\/uploads\\\/03-GIWAY-SPORT-2024.png\"}},{\"type\":\"slideshow_item\",\"props\":{\"image\":\"wp-content\\\/uploads\\\/04-GIWAY-SPORT-2024.png\"}},{\"type\":\"slideshow_item\",\"props\":{\"image\":\"wp-content\\\/uploads\\\/05-GIWAY-SPORT-2024.png\"}},{\"type\":\"slideshow_item\",\"props\":{\"image\":\"wp-content\\\/uploads\\\/06-GIWAY-SPORT-2024.png\"}},{\"type\":\"slideshow_item\",\"props\":{\"image\":\"wp-content\\\/uploads\\\/07-GIWAY-SPORT-2024.png\"}},{\"type\":\"slideshow_item\",\"props\":{\"image\":\"wp-content\\\/uploads\\\/08-GIWAY-SPORT-2024.png\"}},{\"type\":\"slideshow_item\",\"props\":{\"image\":\"wp-content\\\/uploads\\\/09-GIWAY-SPORT-2024.png\"}},{\"type\":\"slideshow_item\",\"props\":{\"image\":\"wp-content\\\/uploads\\\/10-GIWAY-SPORT-2024.png\"}},{\"type\":\"slideshow_item\",\"props\":{\"image\":\"wp-content\\\/uploads\\\/11-GIWAY-SPORT-2024.png\"}},{\"type\":\"slideshow_item\",\"props\":{\"image\":\"wp-content\\\/uploads\\\/12-GIWAY-SPORT-2024.png\"}}]}]}]}]},{\"type\":\"section\",\"props\":{\"image_position\":\"center-center\",\"style\":\"default\",\"title_breakpoint\":\"xl\",\"title_position\":\"top-left\",\"title_rotation\":\"left\",\"vertical_align\":\"\",\"width\":\"large\"},\"children\":[{\"type\":\"row\",\"children\":[{\"type\":\"column\",\"props\":{\"image_position\":\"center-center\",\"position_sticky_breakpoint\":\"m\",\"width_medium\":\"1-1\"}}]}]}],\"version\":\"4.5.33\"} --><\/p>\n","protected":false},"excerpt":{"rendered":"<p>GIWAY Sport 2025 Groupe Interway est fier d&rsquo;annoncer le renouvellement de son initiative sportive, GIWAY Sport 2025, d\u00e9di\u00e9e au soutien du handisport Ensemble, nous faisons la diff\u00e9rence !\u00a0 Interway est fi\u00e8re d\u2019avoir remis un ch\u00e8que de 1 760 \u20ac au Comit\u00e9 Handisport D\u00e9partemental des Bouches-du-Rh\u00f4ne, fruit de l&rsquo;engagement de nos collaborateurs lors des journ\u00e9es de [&hellip;]<\/p>\n","protected":false},"author":1,"featured_media":791320,"comment_status":"closed","ping_status":"closed","sticky":false,"template":"","format":"aside","meta":{"_monsterinsights_skip_tracking":false,"_monsterinsights_sitenote_active":false,"_monsterinsights_sitenote_note":"","_monsterinsights_sitenote_category":0,"_jetpack_memberships_contains_paid_content":false,"footnotes":""},"categories":[7,8],"tags":[],"class_list":["post-516636","post","type-post","status-publish","format-aside","has-post-thumbnail","hentry","category-evenement","category-groupe-interway","post_format-post-format-aside"],"jetpack_featured_media_url":"https:\/\/www.interway.fr\/wp-content\/uploads\/Copie-de-Vignette-Articles-Wordpress-400px-X-200px-3.png","jetpack_sharing_enabled":true,"_links":{"self":[{"href":"https:\/\/www.interway.fr\/en\/wp-json\/wp\/v2\/posts\/516636","targetHints":{"allow":["GET"]}}],"collection":[{"href":"https:\/\/www.interway.fr\/en\/wp-json\/wp\/v2\/posts"}],"about":[{"href":"https:\/\/www.interway.fr\/en\/wp-json\/wp\/v2\/types\/post"}],"author":[{"embeddable":true,"href":"https:\/\/www.interway.fr\/en\/wp-json\/wp\/v2\/users\/1"}],"replies":[{"embeddable":true,"href":"https:\/\/www.interway.fr\/en\/wp-json\/wp\/v2\/comments?post=516636"}],"version-history":[{"count":35,"href":"https:\/\/www.interway.fr\/en\/wp-json\/wp\/v2\/posts\/516636\/revisions"}],"predecessor-version":[{"id":1089511,"href":"https:\/\/www.interway.fr\/en\/wp-json\/wp\/v2\/posts\/516636\/revisions\/1089511"}],"wp:featuredmedia":[{"embeddable":true,"href":"https:\/\/www.interway.fr\/en\/wp-json\/wp\/v2\/media\/791320"}],"wp:attachment":[{"href":"https:\/\/www.interway.fr\/en\/wp-json\/wp\/v2\/media?parent=516636"}],"wp:term":[{"taxonomy":"category","embeddable":true,"href":"https:\/\/www.interway.fr\/en\/wp-json\/wp\/v2\/categories?post=516636"},{"taxonomy":"post_tag","embeddable":true,"href":"https:\/\/www.interway.fr\/en\/wp-json\/wp\/v2\/tags?post=516636"}],"curies":[{"name":"wp","href":"https:\/\/api.w.org\/{rel}","templated":true}]}}