{"id":4066,"date":"2022-05-31T15:01:11","date_gmt":"2022-05-31T13:01:11","guid":{"rendered":"https:\/\/www.interway.fr\/?p=4066"},"modified":"2022-05-31T15:13:32","modified_gmt":"2022-05-31T13:13:32","slug":"challenge-walk-smile-interway-2022","status":"publish","type":"post","link":"https:\/\/www.interway.fr\/en\/challenge-walk-smile-interway-2022\/","title":{"rendered":"Challenge Walk &#038; Smile Interway 2022"},"content":{"rendered":"<h1>\n<h1 class=\"title style-scope ytd-video-primary-info-renderer\"><span style=\"color: #ffffff;\">Challenge Walk &amp; Smile <br \/>INTERWAY 2022<\/span><\/h1>\n<\/h1>\n<h1>\n<h2 class=\"title style-scope ytd-video-primary-info-renderer\">Challenge de marche au profit de l&rsquo;association sourire \u00e0 la vie<\/h2>\n<\/h1>\n<div>\n<p style=\"text-align: justify;\">En 2022, et apr\u00e8s plusieurs mois difficiles, la COVID a modifi\u00e9 nos modes de vie, nos organisations professionnelles et personnelles. Interway, sensible aux contraintes que cela a pu g\u00e9n\u00e9rer dans le quotidien de ses \u00e9quipes, a d\u00e9cid\u00e9 en 2022 d\u2019apporter un souffle nouveau et une attention toute particuli\u00e8re au bien-\u00eatre des actrices et acteurs de l\u2019entreprise, en se mobilisant autour d\u2019un challenge in\u00e9dit, original et diff\u00e9renciable, bas\u00e9e sur la flexibilit\u00e9 et l\u2019autonomie, visant \u00e0 lib\u00e9rer la motivation, l\u2019esprit d\u2019\u00e9quipe et le go\u00fbt de l\u2019effort\u2026<\/p>\n<p>Un enjeu individuel, collectif mais \u00e9galement caritatif, car le sens m\u00eame de cette action et de son objectif principal ont \u00e9t\u00e9 de r\u00e9aliser le plus de kms possible en 100 jours d\u2019effort afin de r\u00e9colter des fonds pour l\u2019association \u2018\u2019Sourire \u00e0 la Vie\u2019\u2019 pour aider les enfants dans la lutte contre le cancer\u2026<br \/>16 collaborateurs ont repr\u00e9sent\u00e9 Interway, ces 8 femmes et ces 8 hommes qui ont particip\u00e9 \u00e0 l\u2019aventure \u2018\u2019WALK &amp; SMILE 2022\u2019\u2019 ont port\u00e9 haut et loin les couleurs, les valeurs et les fondamentaux de notre entreprise, BRAVO\u2026<\/p>\n<p>Le challenge de marche \u2018\u2019WALK &amp; SMILE 2022\u2019\u2019 vient de se terminer\u2026<br \/>Gr\u00e2ce \u00e0 la motivation de cette TEAM INTERWAY, au soutien du \u2018\u2019Coach\u2019\u2019 Christian Plaziat au quotidien, \u00e0 l\u2019\u00e9nergie et \u00e0 la formidable dynamique de solidarit\u00e9 et de g\u00e9n\u00e9rosit\u00e9 de toutes et tous, la TEAM INTERWAY a r\u00e9alis\u00e9 l\u2019exploit en 100 jours d\u2019efforts de parcourir 19 790 kms en marchant, courant et m\u00eame \u00e0 v\u00e9lo pour r\u00e9colter la somme exceptionnelle de 4 947 \u20ac.<\/p>\n<p><strong>D\u00c9FI RELEV\u00c9 ! &#x1f60a;<\/strong><\/p>\n<p style=\"text-align: justify;\">Merci \u00e0 la TEAM des actrices et acteurs de ce challenge : Anne-Charlotte R. \/ Clara P. \/ Claudine V. \/ Fouzia C. \/ Jennifer B. \/ La\u00ebtitia G. \/ La\u00ebtitia R. \/ Samantha S. \/ Davy E. \/ Fabrice M. \/ Hilario C. \/ Nicolas M. \/ Patrice R. \/ Patrick E. \/ Pascal P. \/ Pierre L. \/ et le Coach Christian Plaziat.<\/p>\n<p style=\"text-align: justify;\">\u00a0<\/p>\n<\/div>\n<div>\n<p>\u00a0<\/p>\n<p>\u00a0<\/p>\n<\/div>\n<p><img decoding=\"async\" src=\"wp-content\/uploads\/picto-walk-and-smile.png\" alt=\"\"><\/p>\n<h1>\n<h3 style=\"text-align: center;\">19 790 Kms<br \/>parcourus<\/h3>\n<\/h1>\n<div>\n<p>\u00a0<\/p>\n<p>\u00a0<\/p>\n<\/div>\n<p><img decoding=\"async\" src=\"wp-content\/uploads\/picto-walk-and-smile2.png\" alt=\"\"><\/p>\n<h1>\n<h3 style=\"text-align: center;\">4 947 \u20ac<br \/>r\u00e9colt\u00e9s<\/h3>\n<\/h1>\n<p><img decoding=\"async\" src=\"wp-content\/uploads\/2022-05-18-image-fin-challenge.jpg\" alt=\"\"><\/p>\n<hr>\n<div>\n<h2 style=\"text-align: justify;\"><strong>L&rsquo;association \u00ab\u00a0Sourire \u00e0 la vie\u00a0\u00bb<br \/><\/strong><\/h2>\n<p style=\"text-align: justify;\"><strong>Une pr\u00e9sence quotidienne dans les chambres \u00e0 l&rsquo;h\u00f4pital<\/strong><br \/>Sourire \u00e0 la Vie accompagne les enfants atteints de cancer en proposant un programme sportif complet, des jeux \u00e9ducatifs et cr\u00e9atifs et des temps de r\u00e9pit pour permettre aux parents de souffler. Le programme d\u00e9bute au plus pr\u00e8s du diagnostic de l&rsquo;enfant dans la chambre \u00e0 l&rsquo;h\u00f4pital et se poursuit tout au long du parcours de l&rsquo;enfant en favorisant son \u00e9panouissement et en lui permettant de rester actif.<\/p>\n<p style=\"text-align: justify;\"><strong>Pr\u00e9parer et accompagner l\u2019enfant \u00e0 traverser les \u00e9preuves de la maladie<\/strong><br \/>Comme un sportif de haut niveau doit se pr\u00e9parer aux \u00e9preuves des Jeux Olympiques pour \u00eatre le plus fort, le plus rel\u00e2ch\u00e9 possible et en pleine disposition de toutes ses ressources, l&rsquo;enfant malade a tout \u00e0 gagner \u00e0 \u00eatre pr\u00e9par\u00e9 aux \u00e9preuves qui jalonnent son parcours th\u00e9rapeutique.<br \/>Pour cela, l\u2019\u00e9quipe de Sourire \u00e0 la Vie va suivre l\u2019enfant toute l\u2019ann\u00e9e gr\u00e2ce \u00e0 un accompagnement global proche de celui des athl\u00e8tes de haut niveau. La structure travaille avec de grands sportifs, comme Camille Lacourt, qui viennent apporter de leur temps et de leurs comp\u00e9tences pour enrichir constamment la d\u00e9marche.<\/p>\n<\/div>\n<p><img decoding=\"async\" src=\"wp-content\/uploads\/logo.png\" alt=\"\"><\/p>\n<p>\n    <a href=\"https:\/\/www.sourirealavie.fr\/\" target=\"_blank\" rel=\"noopener\">Site Internet de l&rsquo;association<\/a>\n<\/p>\n<hr>\n<p><img decoding=\"async\" src=\"wp-content\/uploads\/INTERWAY-2021-PROJET2.jpg\" alt=\"\"><\/p>\n<p>\n    <a href=\"mailto:c.plaziat@christianplaziatcoaching.com\">Contact du coach<\/a>\n<\/p>\n<div>\n<h3 style=\"text-align: justify;\"><strong>\u00ab J\u2019ai cr\u00e9\u00e9 le Pass\u2019 Sport-Sant\u00e9-Vitalit\u00e9<br \/>pour r\u00e9pondre aux enjeux et aux objectifs collectifs de demain\u2026 \u00bb<br \/><\/strong><\/h3>\n<p style=\"text-align: justify;\">Vous organisez prochainement un \u00e9v\u00e9nement particulier au sein de votre entreprise et souhaitez apporter \u00e0 celui-ci un message positif, une repr\u00e9sentation, un impact diff\u00e9rent, qui doit valoriser votre savoir faire, renforcer la dynamique collective ou mettre en avant la comp\u00e9tence de vos \u00e9quipes ! Vous souhaitez f\u00e9d\u00e9rer, unir autour de vos valeurs l\u2019ensemble de vos collaborateurs, pour renforcer l\u2019esprit d\u2019\u00e9quipe, la coh\u00e9sion d\u2019\u00e9quipe, pour nourrir de nouvelles ambitions, pour d\u00e9velopper et partager une vision collective tourn\u00e9e vers l\u2019avenir.<br \/>J\u2019accompagne cet \u00e9v\u00e9nement, en partageant avec vous les valeurs fortes et fondamentales du sport de haut niveau, en mettant en parall\u00e8le les enjeux, les \u00e9tapes de la performance individuelle et collective au coeur de l\u2019entreprise avec mon parcours de champion, mon exp\u00e9rience d\u2019entrepreneur et mon expert<\/p>\n<p style=\"text-align: justify;\">Sport &amp; Sant\u00e9 sont d\u00e9sormais souvent associ\u00e9s dans le monde de l\u2019entreprise aux enjeux du RSE \/ QVT, ils doivent permettre de r\u00e9pondre d\u2019une mani\u00e8re positive et durable aux besoins des acteurs de celle-ci.<br \/>M\u00eame si les freins sont encore nombreux, la prise en compte de la \u2018\u2019Forme\u2019\u2019 des salari\u00e9s au sens large du terme doit offrir de nouvelles perspectives \u00e0 la prise en compte des conditions de Bien-\u00catre des salari\u00e9s dans leur quotidien de travail pour lib\u00e9rer la performance collective, en d\u00e9veloppant une approche originale et diff\u00e9renciable, bas\u00e9e sur la flexibilit\u00e9 et l\u2019autonomie, visant \u00e0 lib\u00e9rer la motivation, l\u2019esprit d\u2019\u00e9quipe et \u00e0 d\u00e9velopper le go\u00fbt de l\u2019effort.<br \/>Des b\u00e9n\u00e9fices &amp; des avantages qui doivent permettre \u00e0 chaque collaborateur, acteur de l\u2019entreprise, sur le terrain, de favoriser le lien social, d\u2019am\u00e9liorer la qualit\u00e9 de vie au travail et de d\u00e9velopper un esprit d\u2019\u00e9quipe positif autour d\u2019une ambition commune, forte Christian Plaziat et partag\u00e9e collectivement\u2026<\/p>\n<\/div>\n<h1>\n<h3 style=\"text-align: center;\"><span style=\"color: #ffffff;\">Vous voulez en savoir plus\u00a0 ?<\/span><\/h3>\n<\/h1>\n<ul>\n<li>\n        <a href=\"https:\/\/www.interway.fr\/contact\/\">Contactez-nous<\/a>\n    <\/li>\n<li>\n        <a href=\"https:\/\/www.interway.fr\/contact\/\">Trouver Interway pr\u00e8s de chez vous<\/a>\n    <\/li>\n<\/ul>\n<p><!-- {\"name\":\"Article vid\\u00e9o\",\"type\":\"layout\",\"children\":[{\"type\":\"section\",\"props\":{\"style\":\"default\",\"width\":\"default\",\"vertical_align\":\"middle\",\"title_position\":\"top-left\",\"title_rotation\":\"left\",\"title_breakpoint\":\"xl\",\"image_position\":\"center-center\",\"text_color\":\"\",\"width_expand\":\"\",\"height\":\"\",\"padding\":\"large\",\"header_transparent\":\"\",\"animation\":\"\",\"image\":\"wp-content\\\/uploads\\\/Image-garde-page-actualites-challenge-marche.png\",\"image_size\":\"\",\"image_effect\":\"\",\"image_parallax_breakpoint\":\"\",\"image_visibility\":\"\",\"video_width\":\"\",\"video_height\":\"\",\"media_blend_mode\":\"\"},\"children\":[{\"type\":\"row\",\"props\":{\"layout\":\"1-1\",\"breakpoint\":\"m\",\"fixed_width\":\"large\",\"gutter\":\"\",\"width\":\"\",\"width_expand\":\"\",\"height\":\"\",\"margin\":\"\"},\"children\":[{\"type\":\"column\",\"props\":{\"widths\":[\"1-1\"],\"image_position\":\"center-center\",\"media_overlay_gradient\":\"\",\"vertical_align\":\"\",\"style\":\"\",\"text_color\":\"\",\"padding\":\"\"},\"children\":[{\"type\":\"headline\",\"props\":{\"title_element\":\"h1\",\"title_style\":\"h1\",\"title_decoration\":\"\",\"title_color\":\"\",\"text_align\":\"left\",\"text_align_breakpoint\":\"\",\"text_align_fallback\":\"\",\"maxwidth\":\"xlarge\",\"maxwidth_align\":\"\",\"maxwidth_breakpoint\":\"\",\"margin\":\"\",\"animation\":\"\",\"visibility\":\"\",\"content\":\"\n\n<h1 class=\\\"title style-scope ytd-video-primary-info-renderer\\\"><span style=\\\"color: #ffffff;\\\">Challenge Walk &amp; Smile <br \\\/>INTERWAY 2022<\\\/span><\\\/h1>\"}}]}]}]},{\"type\":\"section\",\"props\":{\"style\":\"default\",\"width\":\"default\",\"vertical_align\":\"middle\",\"title_position\":\"top-left\",\"title_rotation\":\"left\",\"title_breakpoint\":\"xl\",\"image_position\":\"center-center\",\"text_color\":\"\",\"width_expand\":\"\",\"height\":\"\",\"padding\":\"\",\"header_transparent\":\"\",\"animation\":\"\"},\"children\":[{\"type\":\"row\",\"props\":{\"layout\":\"2-3,\",\"breakpoint\":\"m\",\"fixed_width\":\"large\",\"gutter\":\"\",\"width\":\"\",\"width_expand\":\"\",\"height\":\"\",\"margin\":\"\"},\"children\":[{\"type\":\"column\",\"props\":{\"widths\":[\"2-3\"],\"image_position\":\"center-center\",\"media_overlay_gradient\":\"\",\"vertical_align\":\"\",\"style\":\"\",\"text_color\":\"\",\"padding\":\"\"},\"children\":[{\"type\":\"headline\",\"props\":{\"title_element\":\"h1\",\"title_style\":\"\",\"title_decoration\":\"\",\"title_color\":\"\",\"text_align\":\"\",\"text_align_breakpoint\":\"\",\"text_align_fallback\":\"\",\"maxwidth\":\"\",\"maxwidth_align\":\"\",\"maxwidth_breakpoint\":\"\",\"margin\":\"\",\"animation\":\"\",\"visibility\":\"\",\"content\":\"\n\n<h2 class=\\\"title style-scope ytd-video-primary-info-renderer\\\">Challenge de marche au profit de l'association sourire \\u00e0 la vie<\\\/h2>\"}},{\"type\":\"text\",\"props\":{\"margin\":\"default\",\"column_breakpoint\":\"m\",\"text_style\":\"\",\"text_color\":\"\",\"text_size\":\"\",\"column\":\"\",\"text_align\":\"\",\"text_align_breakpoint\":\"\",\"text_align_fallback\":\"\",\"maxwidth\":\"\",\"maxwidth_align\":\"\",\"maxwidth_breakpoint\":\"\",\"animation\":\"\",\"visibility\":\"\",\"content\":\"\n\n<p style=\\\"text-align: justify;\\\">En 2022, et apr\\u00e8s plusieurs mois difficiles, la COVID a modifi\\u00e9 nos modes de vie, nos organisations professionnelles et personnelles. Interway, sensible aux contraintes que cela a pu g\\u00e9n\\u00e9rer dans le quotidien de ses \\u00e9quipes, a d\\u00e9cid\\u00e9 en 2022 d\\u2019apporter un souffle nouveau et une attention toute particuli\\u00e8re au bien-\\u00eatre des actrices et acteurs de l\\u2019entreprise, en se mobilisant autour d\\u2019un challenge in\\u00e9dit, original et diff\\u00e9renciable, bas\\u00e9e sur la flexibilit\\u00e9 et l\\u2019autonomie, visant \\u00e0 lib\\u00e9rer la motivation, l\\u2019esprit d\\u2019\\u00e9quipe et le go\\u00fbt de l\\u2019effort\\u2026<br \\\/><br \\\/>Un enjeu individuel, collectif mais \\u00e9galement caritatif, car le sens m\\u00eame de cette action et de son objectif principal ont \\u00e9t\\u00e9 de r\\u00e9aliser le plus de kms possible en 100 jours d\\u2019effort afin de r\\u00e9colter des fonds pour l\\u2019association \\u2018\\u2019Sourire \\u00e0 la Vie\\u2019\\u2019 pour aider les enfants dans la lutte contre le cancer\\u2026<br \\\/>16 collaborateurs ont repr\\u00e9sent\\u00e9 Interway, ces 8 femmes et ces 8 hommes qui ont particip\\u00e9 \\u00e0 l\\u2019aventure \\u2018\\u2019WALK &amp; SMILE 2022\\u2019\\u2019 ont port\\u00e9 haut et loin les couleurs, les valeurs et les fondamentaux de notre entreprise, BRAVO\\u2026<br \\\/><br \\\/>Le challenge de marche \\u2018\\u2019WALK &amp; SMILE 2022\\u2019\\u2019 vient de se terminer\\u2026<br \\\/>Gr\\u00e2ce \\u00e0 la motivation de cette TEAM INTERWAY, au soutien du \\u2018\\u2019Coach\\u2019\\u2019 Christian Plaziat au quotidien, \\u00e0 l\\u2019\\u00e9nergie et \\u00e0 la formidable dynamique de solidarit\\u00e9 et de g\\u00e9n\\u00e9rosit\\u00e9 de toutes et tous, la TEAM INTERWAY a r\\u00e9alis\\u00e9 l\\u2019exploit en 100 jours d\\u2019efforts de parcourir 19 790 kms en marchant, courant et m\\u00eame \\u00e0 v\\u00e9lo pour r\\u00e9colter la somme exceptionnelle de 4 947 \\u20ac.<br \\\/><br \\\/><strong>D\\u00c9FI RELEV\\u00c9 ! \\ud83d\\ude0a<\\\/strong><\\\/p>\\n\n\n<p style=\\\"text-align: justify;\\\">Merci \\u00e0 la TEAM des actrices et acteurs de ce challenge : Anne-Charlotte R. \\\/ Clara P. \\\/ Claudine V. \\\/ Fouzia C. \\\/ Jennifer B. \\\/ La\\u00ebtitia G. \\\/ La\\u00ebtitia R. \\\/ Samantha S. \\\/ Davy E. \\\/ Fabrice M. \\\/ Hilario C. \\\/ Nicolas M. \\\/ Patrice R. \\\/ Patrick E. \\\/ Pascal P. \\\/ Pierre L. \\\/ et le Coach Christian Plaziat.<\\\/p>\\n\n\n<p style=\\\"text-align: justify;\\\">\\u00a0<\\\/p>\"}}]},{\"type\":\"column\",\"props\":{\"widths\":[\"\"],\"image_position\":\"center-center\",\"media_overlay_gradient\":\"\",\"vertical_align\":\"\",\"style\":\"\",\"text_color\":\"\",\"padding\":\"\"},\"children\":[{\"type\":\"text\",\"props\":{\"margin\":\"default\",\"column_breakpoint\":\"m\",\"text_style\":\"\",\"text_color\":\"\",\"text_size\":\"\",\"column\":\"\",\"text_align\":\"\",\"text_align_breakpoint\":\"\",\"text_align_fallback\":\"\",\"maxwidth\":\"\",\"maxwidth_align\":\"\",\"maxwidth_breakpoint\":\"\",\"animation\":\"\",\"visibility\":\"\",\"content\":\"\n\n<p>\\u00a0<\\\/p>\\n\n\n<p>\\u00a0<\\\/p>\"}},{\"type\":\"image\",\"props\":{\"margin\":\"default\",\"image_svg_color\":\"emphasis\",\"link_target\":\"\",\"image_border\":\"\",\"image_box_shadow\":\"\",\"image_hover_box_shadow\":\"\",\"image_box_decoration\":\"\",\"text_align\":\"\",\"text_align_breakpoint\":\"\",\"text_align_fallback\":\"\",\"maxwidth\":\"small\",\"maxwidth_align\":\"center\",\"maxwidth_breakpoint\":\"\",\"animation\":\"\",\"visibility\":\"\",\"image\":\"wp-content\\\/uploads\\\/picto-walk-and-smile.png\"}},{\"type\":\"headline\",\"props\":{\"title_element\":\"h1\",\"title_style\":\"\",\"title_decoration\":\"\",\"title_color\":\"\",\"text_align\":\"\",\"text_align_breakpoint\":\"\",\"text_align_fallback\":\"\",\"maxwidth\":\"\",\"maxwidth_align\":\"\",\"maxwidth_breakpoint\":\"\",\"margin\":\"\",\"animation\":\"\",\"visibility\":\"\",\"content\":\"\n\n<h3 style=\\\"text-align: center;\\\">19 790 Kms<br \\\/>parcourus<\\\/h3>\"}},{\"type\":\"text\",\"props\":{\"margin\":\"default\",\"column_breakpoint\":\"m\",\"text_style\":\"\",\"text_color\":\"\",\"text_size\":\"\",\"column\":\"\",\"text_align\":\"\",\"text_align_breakpoint\":\"\",\"text_align_fallback\":\"\",\"maxwidth\":\"\",\"maxwidth_align\":\"\",\"maxwidth_breakpoint\":\"\",\"animation\":\"\",\"visibility\":\"\",\"content\":\"\n\n<p>\\u00a0<\\\/p>\\n\n\n<p>\\u00a0<\\\/p>\"}},{\"type\":\"image\",\"props\":{\"margin\":\"default\",\"image_svg_color\":\"emphasis\",\"link_target\":\"\",\"image_border\":\"\",\"image_box_shadow\":\"\",\"image_hover_box_shadow\":\"\",\"image_box_decoration\":\"\",\"text_align\":\"center\",\"text_align_breakpoint\":\"\",\"text_align_fallback\":\"\",\"maxwidth\":\"small\",\"maxwidth_align\":\"center\",\"maxwidth_breakpoint\":\"\",\"animation\":\"\",\"visibility\":\"\",\"image\":\"wp-content\\\/uploads\\\/picto-walk-and-smile2.png\"}},{\"type\":\"headline\",\"props\":{\"title_element\":\"h1\",\"title_style\":\"\",\"title_decoration\":\"\",\"title_color\":\"\",\"text_align\":\"\",\"text_align_breakpoint\":\"\",\"text_align_fallback\":\"\",\"maxwidth\":\"\",\"maxwidth_align\":\"\",\"maxwidth_breakpoint\":\"\",\"margin\":\"\",\"animation\":\"\",\"visibility\":\"\",\"content\":\"\n\n<h3 style=\\\"text-align: center;\\\">4 947 \\u20ac<br \\\/>r\\u00e9colt\\u00e9s<\\\/h3>\"}}]}]},{\"type\":\"row\",\"props\":{\"layout\":\"1-1\",\"breakpoint\":\"m\",\"fixed_width\":\"large\",\"gutter\":\"\",\"width\":\"\",\"width_expand\":\"\",\"height\":\"\",\"margin\":\"\"},\"children\":[{\"type\":\"column\",\"props\":{\"widths\":[\"1-1\"],\"image_position\":\"center-center\",\"media_overlay_gradient\":\"\",\"vertical_align\":\"\",\"style\":\"\",\"text_color\":\"\",\"padding\":\"\"},\"children\":[{\"type\":\"image\",\"props\":{\"margin\":\"default\",\"image_svg_color\":\"emphasis\",\"link_target\":\"\",\"image_border\":\"\",\"image_box_shadow\":\"medium\",\"image_hover_box_shadow\":\"\",\"image_box_decoration\":\"\",\"text_align\":\"center\",\"text_align_breakpoint\":\"\",\"text_align_fallback\":\"\",\"maxwidth\":\"xlarge\",\"maxwidth_align\":\"center\",\"maxwidth_breakpoint\":\"\",\"animation\":\"\",\"visibility\":\"\",\"image\":\"wp-content\\\/uploads\\\/2022-05-18-image-fin-challenge.jpg\"}}]}]}]},{\"type\":\"section\",\"props\":{\"style\":\"default\",\"width\":\"default\",\"vertical_align\":\"middle\",\"title_position\":\"top-left\",\"title_rotation\":\"left\",\"title_breakpoint\":\"xl\",\"image_position\":\"center-center\",\"text_color\":\"\",\"width_expand\":\"\",\"height\":\"\",\"padding\":\"\",\"header_transparent\":\"\",\"animation\":\"\",\"padding_remove_top\":true,\"padding_remove_bottom\":true},\"children\":[{\"type\":\"row\",\"props\":{\"layout\":\"1-1\",\"breakpoint\":\"m\",\"fixed_width\":\"large\",\"gutter\":\"\",\"width\":\"\",\"width_expand\":\"\",\"height\":\"\",\"margin\":\"\"},\"children\":[{\"type\":\"column\",\"props\":{\"widths\":[\"1-1\"],\"image_position\":\"center-center\",\"media_overlay_gradient\":\"\",\"vertical_align\":\"\",\"style\":\"\",\"text_color\":\"\",\"padding\":\"\"},\"children\":[{\"type\":\"divider\",\"props\":{\"divider_element\":\"hr\",\"divider_style\":\"\",\"divider_align\":\"\",\"divider_align_breakpoint\":\"\",\"divider_align_fallback\":\"\",\"maxwidth\":\"\",\"maxwidth_align\":\"\",\"maxwidth_breakpoint\":\"\",\"margin\":\"\",\"animation\":\"\",\"visibility\":\"\"}}]}]}]},{\"type\":\"section\",\"props\":{\"style\":\"default\",\"width\":\"default\",\"vertical_align\":\"middle\",\"title_position\":\"top-left\",\"title_rotation\":\"left\",\"title_breakpoint\":\"xl\",\"image_position\":\"center-center\",\"text_color\":\"\",\"width_expand\":\"\",\"height\":\"\",\"padding\":\"\",\"header_transparent\":\"\",\"animation\":\"\"},\"children\":[{\"type\":\"row\",\"props\":{\"layout\":\"2-3,\",\"breakpoint\":\"m\",\"fixed_width\":\"large\",\"gutter\":\"\",\"width\":\"\",\"width_expand\":\"\",\"height\":\"\",\"margin\":\"\",\"margin_remove_top\":true,\"margin_remove_bottom\":true},\"children\":[{\"type\":\"column\",\"props\":{\"widths\":[\"2-3\"],\"image_position\":\"center-center\",\"media_overlay_gradient\":\"\",\"vertical_align\":\"\",\"style\":\"\",\"text_color\":\"\",\"padding\":\"\"},\"children\":[{\"type\":\"text\",\"props\":{\"margin\":\"large\",\"column_breakpoint\":\"m\",\"text_style\":\"\",\"text_color\":\"\",\"text_size\":\"\",\"column\":\"\",\"text_align\":\"left\",\"text_align_breakpoint\":\"\",\"text_align_fallback\":\"\",\"maxwidth\":\"\",\"maxwidth_align\":\"\",\"maxwidth_breakpoint\":\"\",\"animation\":\"\",\"visibility\":\"\",\"content\":\"\n\n<h2 style=\\\"text-align: justify;\\\"><strong>L'association \\\"Sourire \\u00e0 la vie\\\"<br \\\/><\\\/strong><\\\/h2>\\n\n\n<p style=\\\"text-align: justify;\\\"><strong>Une pr\\u00e9sence quotidienne dans les chambres \\u00e0 l'h\\u00f4pital<\\\/strong><br \\\/>Sourire \\u00e0 la Vie accompagne les enfants atteints de cancer en proposant un programme sportif complet, des jeux \\u00e9ducatifs et cr\\u00e9atifs et des temps de r\\u00e9pit pour permettre aux parents de souffler. Le programme d\\u00e9bute au plus pr\\u00e8s du diagnostic de l'enfant dans la chambre \\u00e0 l'h\\u00f4pital et se poursuit tout au long du parcours de l'enfant en favorisant son \\u00e9panouissement et en lui permettant de rester actif.<\\\/p>\\n\n\n<p style=\\\"text-align: justify;\\\"><strong>Pr\\u00e9parer et accompagner l\\u2019enfant \\u00e0 traverser les \\u00e9preuves de la maladie<\\\/strong><br \\\/>Comme un sportif de haut niveau doit se pr\\u00e9parer aux \\u00e9preuves des Jeux Olympiques pour \\u00eatre le plus fort, le plus rel\\u00e2ch\\u00e9 possible et en pleine disposition de toutes ses ressources, l'enfant malade a tout \\u00e0 gagner \\u00e0 \\u00eatre pr\\u00e9par\\u00e9 aux \\u00e9preuves qui jalonnent son parcours th\\u00e9rapeutique.<br \\\/>Pour cela, l\\u2019\\u00e9quipe de Sourire \\u00e0 la Vie va suivre l\\u2019enfant toute l\\u2019ann\\u00e9e gr\\u00e2ce \\u00e0 un accompagnement global proche de celui des athl\\u00e8tes de haut niveau. La structure travaille avec de grands sportifs, comme Camille Lacourt, qui viennent apporter de leur temps et de leurs comp\\u00e9tences pour enrichir constamment la d\\u00e9marche.<\\\/p>\"}}]},{\"type\":\"column\",\"props\":{\"widths\":[\"\"],\"image_position\":\"center-center\",\"media_overlay_gradient\":\"\",\"vertical_align\":\"\",\"style\":\"\",\"text_color\":\"\",\"padding\":\"\"},\"children\":[{\"type\":\"image\",\"props\":{\"margin\":\"default\",\"image_svg_color\":\"emphasis\",\"link_target\":\"\",\"image_border\":\"\",\"image_box_shadow\":\"medium\",\"image_hover_box_shadow\":\"\",\"image_box_decoration\":\"\",\"text_align\":\"center\",\"text_align_breakpoint\":\"\",\"text_align_fallback\":\"\",\"maxwidth\":\"\",\"maxwidth_align\":\"\",\"maxwidth_breakpoint\":\"\",\"animation\":\"\",\"visibility\":\"\",\"image\":\"wp-content\\\/uploads\\\/logo.png\"}},{\"type\":\"button\",\"props\":{\"gutter\":\"small\",\"margin\":\"medium\",\"button_size\":\"\",\"text_align\":\"center\",\"text_align_breakpoint\":\"\",\"text_align_fallback\":\"\",\"maxwidth\":\"\",\"maxwidth_align\":\"\",\"maxwidth_breakpoint\":\"\",\"animation\":\"\",\"visibility\":\"\"},\"children\":[{\"type\":\"button_item\",\"props\":{\"button_style\":\"default\",\"icon_align\":\"left\",\"link_target\":\"\",\"content\":\"Site Internet de l'association\",\"link\":\"https:\\\/\\\/www.sourirealavie.fr\\\/\",\"link_title\":\"Site Internet de l'association\",\"icon\":\"info\"}}]}]}]}]},{\"type\":\"section\",\"props\":{\"style\":\"default\",\"width\":\"default\",\"vertical_align\":\"middle\",\"title_position\":\"top-left\",\"title_rotation\":\"left\",\"title_breakpoint\":\"xl\",\"image_position\":\"center-center\",\"text_color\":\"\",\"width_expand\":\"\",\"height\":\"\",\"padding\":\"\",\"header_transparent\":\"\",\"animation\":\"\",\"padding_remove_top\":true,\"padding_remove_bottom\":true},\"children\":[{\"type\":\"row\",\"props\":{\"layout\":\"1-1\",\"breakpoint\":\"m\",\"fixed_width\":\"large\",\"gutter\":\"\",\"width\":\"\",\"width_expand\":\"\",\"height\":\"\",\"margin\":\"\"},\"children\":[{\"type\":\"column\",\"props\":{\"widths\":[\"1-1\"],\"image_position\":\"center-center\",\"media_overlay_gradient\":\"\",\"vertical_align\":\"\",\"style\":\"\",\"text_color\":\"\",\"padding\":\"\"},\"children\":[{\"type\":\"divider\",\"props\":{\"divider_element\":\"hr\",\"divider_style\":\"\",\"divider_align\":\"\",\"divider_align_breakpoint\":\"\",\"divider_align_fallback\":\"\",\"maxwidth\":\"\",\"maxwidth_align\":\"\",\"maxwidth_breakpoint\":\"\",\"margin\":\"\",\"animation\":\"\",\"visibility\":\"\"}}]}]}]},{\"type\":\"section\",\"props\":{\"style\":\"default\",\"width\":\"default\",\"vertical_align\":\"middle\",\"title_position\":\"top-left\",\"title_rotation\":\"left\",\"title_breakpoint\":\"xl\",\"image_position\":\"center-center\",\"text_color\":\"\",\"width_expand\":\"\",\"height\":\"\",\"padding\":\"\",\"header_transparent\":\"\",\"animation\":\"\"},\"children\":[{\"type\":\"row\",\"props\":{\"layout\":\",2-3\",\"breakpoint\":\"m\",\"fixed_width\":\"large\",\"gutter\":\"\",\"width\":\"\",\"width_expand\":\"\",\"height\":\"\",\"margin\":\"\",\"margin_remove_top\":true,\"margin_remove_bottom\":true},\"children\":[{\"type\":\"column\",\"props\":{\"widths\":[\"\"],\"image_position\":\"center-center\",\"media_overlay_gradient\":\"\",\"vertical_align\":\"\",\"style\":\"\",\"text_color\":\"\",\"padding\":\"\"},\"children\":[{\"type\":\"image\",\"props\":{\"margin\":\"default\",\"image_svg_color\":\"emphasis\",\"link_target\":\"\",\"image_border\":\"\",\"image_box_shadow\":\"medium\",\"image_hover_box_shadow\":\"\",\"image_box_decoration\":\"\",\"text_align\":\"center\",\"text_align_breakpoint\":\"\",\"text_align_fallback\":\"\",\"maxwidth\":\"\",\"maxwidth_align\":\"\",\"maxwidth_breakpoint\":\"\",\"animation\":\"\",\"visibility\":\"\",\"image\":\"wp-content\\\/uploads\\\/INTERWAY-2021-PROJET2.jpg\"}},{\"type\":\"button\",\"props\":{\"gutter\":\"small\",\"margin\":\"medium\",\"button_size\":\"\",\"text_align\":\"center\",\"text_align_breakpoint\":\"\",\"text_align_fallback\":\"\",\"maxwidth\":\"\",\"maxwidth_align\":\"\",\"maxwidth_breakpoint\":\"\",\"animation\":\"\",\"visibility\":\"\"},\"children\":[{\"type\":\"button_item\",\"props\":{\"button_style\":\"default\",\"icon_align\":\"left\",\"link_target\":\"\",\"content\":\"Contact du coach\",\"link\":\"mailto:c.plaziat@christianplaziatcoaching.com\",\"link_title\":\"Site Internet de l'association\",\"icon\":\"info\"}}]}]},{\"type\":\"column\",\"props\":{\"widths\":[\"2-3\"],\"image_position\":\"center-center\",\"media_overlay_gradient\":\"\",\"vertical_align\":\"\",\"style\":\"\",\"text_color\":\"\",\"padding\":\"\"},\"children\":[{\"type\":\"text\",\"props\":{\"margin\":\"large\",\"column_breakpoint\":\"m\",\"text_style\":\"\",\"text_color\":\"\",\"text_size\":\"\",\"column\":\"\",\"text_align\":\"left\",\"text_align_breakpoint\":\"\",\"text_align_fallback\":\"\",\"maxwidth\":\"\",\"maxwidth_align\":\"\",\"maxwidth_breakpoint\":\"\",\"animation\":\"\",\"visibility\":\"\",\"content\":\"\n\n<h3 style=\\\"text-align: justify;\\\"><strong>\\u00ab J\\u2019ai cr\\u00e9\\u00e9 le Pass\\u2019 Sport-Sant\\u00e9-Vitalit\\u00e9<br \\\/>pour r\\u00e9pondre aux enjeux et aux objectifs collectifs de demain\\u2026 \\u00bb<br \\\/><\\\/strong><\\\/h3>\\n\n\n<p style=\\\"text-align: justify;\\\">Vous organisez prochainement un \\u00e9v\\u00e9nement particulier au sein de votre entreprise et souhaitez apporter \\u00e0 celui-ci un message positif, une repr\\u00e9sentation, un impact diff\\u00e9rent, qui doit valoriser votre savoir faire, renforcer la dynamique collective ou mettre en avant la comp\\u00e9tence de vos \\u00e9quipes ! Vous souhaitez f\\u00e9d\\u00e9rer, unir autour de vos valeurs l\\u2019ensemble de vos collaborateurs, pour renforcer l\\u2019esprit d\\u2019\\u00e9quipe, la coh\\u00e9sion d\\u2019\\u00e9quipe, pour nourrir de nouvelles ambitions, pour d\\u00e9velopper et partager une vision collective tourn\\u00e9e vers l\\u2019avenir.<br \\\/>J\\u2019accompagne cet \\u00e9v\\u00e9nement, en partageant avec vous les valeurs fortes et fondamentales du sport de haut niveau, en mettant en parall\\u00e8le les enjeux, les \\u00e9tapes de la performance individuelle et collective au coeur de l\\u2019entreprise avec mon parcours de champion, mon exp\\u00e9rience d\\u2019entrepreneur et mon expert<\\\/p>\\n\n\n<p style=\\\"text-align: justify;\\\">Sport &amp; Sant\\u00e9 sont d\\u00e9sormais souvent associ\\u00e9s dans le monde de l\\u2019entreprise aux enjeux du RSE \\\/ QVT, ils doivent permettre de r\\u00e9pondre d\\u2019une mani\\u00e8re positive et durable aux besoins des acteurs de celle-ci.<br \\\/>M\\u00eame si les freins sont encore nombreux, la prise en compte de la \\u2018\\u2019Forme\\u2019\\u2019 des salari\\u00e9s au sens large du terme doit offrir de nouvelles perspectives \\u00e0 la prise en compte des conditions de Bien-\\u00catre des salari\\u00e9s dans leur quotidien de travail pour lib\\u00e9rer la performance collective, en d\\u00e9veloppant une approche originale et diff\\u00e9renciable, bas\\u00e9e sur la flexibilit\\u00e9 et l\\u2019autonomie, visant \\u00e0 lib\\u00e9rer la motivation, l\\u2019esprit d\\u2019\\u00e9quipe et \\u00e0 d\\u00e9velopper le go\\u00fbt de l\\u2019effort.<br \\\/>Des b\\u00e9n\\u00e9fices &amp; des avantages qui doivent permettre \\u00e0 chaque collaborateur, acteur de l\\u2019entreprise, sur le terrain, de favoriser le lien social, d\\u2019am\\u00e9liorer la qualit\\u00e9 de vie au travail et de d\\u00e9velopper un esprit d\\u2019\\u00e9quipe positif autour d\\u2019une ambition commune, forte Christian Plaziat et partag\\u00e9e collectivement\\u2026<\\\/p>\"}}]}]}]},{\"type\":\"section\",\"props\":{\"style\":\"secondary\",\"width\":\"default\",\"vertical_align\":\"middle\",\"title_position\":\"top-left\",\"title_rotation\":\"left\",\"title_breakpoint\":\"xl\",\"image_position\":\"center-center\",\"text_color\":\"\",\"width_expand\":\"\",\"height\":\"\",\"padding\":\"\",\"header_transparent\":\"\",\"animation\":\"\",\"padding_remove_top\":true},\"children\":[{\"type\":\"row\",\"props\":{\"layout\":\"1-1\",\"breakpoint\":\"m\",\"fixed_width\":\"large\",\"gutter\":\"\",\"width\":\"\",\"width_expand\":\"\",\"height\":\"\",\"margin\":\"\"},\"children\":[{\"type\":\"column\",\"props\":{\"widths\":[\"1-1\"],\"image_position\":\"center-center\",\"media_overlay_gradient\":\"\",\"vertical_align\":\"\",\"style\":\"\",\"text_color\":\"\",\"padding\":\"\"},\"children\":[{\"type\":\"headline\",\"props\":{\"title_element\":\"h1\",\"title_style\":\"\",\"title_decoration\":\"\",\"title_color\":\"\",\"text_align\":\"\",\"text_align_breakpoint\":\"\",\"text_align_fallback\":\"\",\"maxwidth\":\"\",\"maxwidth_align\":\"\",\"maxwidth_breakpoint\":\"\",\"margin\":\"\",\"animation\":\"\",\"visibility\":\"\",\"content\":\"\n\n<h3 style=\\\"text-align: center;\\\"><span style=\\\"color: #ffffff;\\\">Vous voulez en savoir plus\\u00a0 ?<\\\/span><\\\/h3>\"}},{\"type\":\"button\",\"props\":{\"gutter\":\"medium\",\"margin\":\"default\",\"button_size\":\"\",\"text_align\":\"center\",\"text_align_breakpoint\":\"m\",\"text_align_fallback\":\"center\",\"maxwidth\":\"\",\"maxwidth_align\":\"\",\"maxwidth_breakpoint\":\"\",\"animation\":\"\",\"visibility\":\"\"},\"children\":[{\"type\":\"button_item\",\"props\":{\"button_style\":\"default\",\"icon_align\":\"left\",\"link_target\":\"\",\"content\":\"Contactez-nous\",\"link_title\":\"Contactez-nous\",\"link\":\"https:\\\/\\\/www.interway.fr\\\/contact\\\/\",\"icon\":\"receiver\"}},{\"type\":\"button_item\",\"props\":{\"button_style\":\"default\",\"icon_align\":\"left\",\"link_target\":\"\",\"content\":\"Trouver Interway pr\\u00e8s de chez vous\",\"link_title\":\"Trouver Interway pr\\u00e8s de chez vous\",\"link\":\"https:\\\/\\\/www.interway.fr\\\/contact\\\/\",\"icon\":\"location\"}}]}]}]}]},{\"type\":\"section\",\"props\":{\"style\":\"default\",\"width\":\"default\",\"vertical_align\":\"middle\",\"title_position\":\"top-left\",\"title_rotation\":\"left\",\"title_breakpoint\":\"xl\",\"image_position\":\"center-center\",\"text_color\":\"\",\"width_expand\":\"\",\"height\":\"\",\"padding\":\"\",\"header_transparent\":\"\",\"animation\":\"\"},\"children\":[{\"type\":\"row\",\"props\":{\"layout\":\"1-1\",\"breakpoint\":\"m\",\"fixed_width\":\"large\",\"gutter\":\"\",\"width\":\"\",\"width_expand\":\"\",\"height\":\"\",\"margin\":\"\"},\"children\":[{\"type\":\"column\",\"props\":{\"widths\":[\"1-1\"],\"image_position\":\"center-center\",\"media_overlay_gradient\":\"\",\"vertical_align\":\"\",\"style\":\"\",\"text_color\":\"\",\"padding\":\"\"},\"children\":[{\"type\":\"totop\",\"props\":{\"margin\":\"default\",\"text_align\":\"\",\"text_align_breakpoint\":\"\",\"text_align_fallback\":\"\",\"maxwidth\":\"\",\"maxwidth_align\":\"\",\"maxwidth_breakpoint\":\"\",\"animation\":\"\",\"visibility\":\"\"}}]}]}]}],\"version\":\"1.19.0\",\"props\":[]} --><\/p>\n","protected":false},"excerpt":{"rendered":"<p>Challenge Walk &amp; Smile INTERWAY 2022 Challenge de marche au profit de l&rsquo;association sourire \u00e0 la vie En 2022, et apr\u00e8s plusieurs mois difficiles, la COVID a modifi\u00e9 nos modes de vie, nos organisations professionnelles et personnelles. Interway, sensible aux contraintes que cela a pu g\u00e9n\u00e9rer dans le quotidien de ses \u00e9quipes, a d\u00e9cid\u00e9 en [&hellip;]<\/p>\n","protected":false},"author":1,"featured_media":4069,"comment_status":"open","ping_status":"open","sticky":false,"template":"","format":"aside","meta":{"_monsterinsights_skip_tracking":false,"_monsterinsights_sitenote_active":false,"_monsterinsights_sitenote_note":"","_monsterinsights_sitenote_category":0,"_jetpack_memberships_contains_paid_content":false,"footnotes":""},"categories":[7],"tags":[],"class_list":["post-4066","post","type-post","status-publish","format-aside","has-post-thumbnail","hentry","category-evenement","post_format-post-format-aside"],"jetpack_featured_media_url":"https:\/\/www.interway.fr\/wp-content\/uploads\/vignette-actualites-challenge-marche.png","jetpack_sharing_enabled":true,"_links":{"self":[{"href":"https:\/\/www.interway.fr\/en\/wp-json\/wp\/v2\/posts\/4066","targetHints":{"allow":["GET"]}}],"collection":[{"href":"https:\/\/www.interway.fr\/en\/wp-json\/wp\/v2\/posts"}],"about":[{"href":"https:\/\/www.interway.fr\/en\/wp-json\/wp\/v2\/types\/post"}],"author":[{"embeddable":true,"href":"https:\/\/www.interway.fr\/en\/wp-json\/wp\/v2\/users\/1"}],"replies":[{"embeddable":true,"href":"https:\/\/www.interway.fr\/en\/wp-json\/wp\/v2\/comments?post=4066"}],"version-history":[{"count":19,"href":"https:\/\/www.interway.fr\/en\/wp-json\/wp\/v2\/posts\/4066\/revisions"}],"predecessor-version":[{"id":4095,"href":"https:\/\/www.interway.fr\/en\/wp-json\/wp\/v2\/posts\/4066\/revisions\/4095"}],"wp:featuredmedia":[{"embeddable":true,"href":"https:\/\/www.interway.fr\/en\/wp-json\/wp\/v2\/media\/4069"}],"wp:attachment":[{"href":"https:\/\/www.interway.fr\/en\/wp-json\/wp\/v2\/media?parent=4066"}],"wp:term":[{"taxonomy":"category","embeddable":true,"href":"https:\/\/www.interway.fr\/en\/wp-json\/wp\/v2\/categories?post=4066"},{"taxonomy":"post_tag","embeddable":true,"href":"https:\/\/www.interway.fr\/en\/wp-json\/wp\/v2\/tags?post=4066"}],"curies":[{"name":"wp","href":"https:\/\/api.w.org\/{rel}","templated":true}]}}