{"id":1669,"date":"2019-11-26T11:48:04","date_gmt":"2019-11-26T09:48:04","guid":{"rendered":"https:\/\/www.interway.fr\/?p=1669"},"modified":"2024-07-16T10:45:47","modified_gmt":"2024-07-16T08:45:47","slug":"video-des-solutions-paris-retail-week-2019","status":"publish","type":"post","link":"https:\/\/www.interway.fr\/en\/video-des-solutions-paris-retail-week-2019\/","title":{"rendered":"Vid\u00e9o des solutions Paris Retail Week 2019"},"content":{"rendered":"<h1>\n<h3>Vid\u00e9o de pr\u00e9sentations des solutions Groupe Interway<\/h3>\n<\/h1>\n<div>\n<p style=\"text-align: justify;\">Groupe Interway propose des solutions technologiques innovantes pour digitaliser &amp; phygitaliser des points de ventes, des espaces de travail, et tout autre environnement professionnel.<br \/>Cette premi\u00e8re vid\u00e9o de pr\u00e9sentation g\u00e9n\u00e9rale de nos solutions sera suivie d\u2019une s\u00e9rie de vid\u00e9os d\u00e9crivant chacun des univers et th\u00e9matiques abord\u00e9s lors de ce premier \u00ab\u00a0g\u00e9n\u00e9rique\u00a0\u00bb.<\/p>\n<\/div>\n<p><iframe src=\"https:\/\/www.youtube.com\/watch?v=zOXiwYFkmdU&#038;feature=youtu.be\"><\/iframe><\/p>\n<p><!-- {\"type\":\"layout\",\"children\":[{\"type\":\"section\",\"props\":{\"style\":\"default\",\"width\":\"default\",\"vertical_align\":\"middle\",\"title_position\":\"top-left\",\"title_rotation\":\"left\",\"title_breakpoint\":\"xl\",\"image_position\":\"center-center\",\"text_color\":\"\",\"width_expand\":\"\",\"height\":\"\",\"padding\":\"\",\"header_transparent\":\"\",\"animation\":\"\"},\"children\":[{\"type\":\"row\",\"props\":{\"layout\":\"1-1\",\"breakpoint\":\"m\",\"fixed_width\":\"large\",\"gutter\":\"\",\"width\":\"\",\"width_expand\":\"\",\"height\":\"\",\"margin\":\"\"},\"children\":[{\"type\":\"column\",\"props\":{\"widths\":[\"1-1\"],\"image_position\":\"center-center\",\"media_overlay_gradient\":\"\",\"vertical_align\":\"\",\"style\":\"\",\"text_color\":\"\",\"padding\":\"\"},\"children\":[{\"type\":\"headline\",\"props\":{\"title_element\":\"h1\",\"title_style\":\"\",\"title_decoration\":\"\",\"title_color\":\"\",\"text_align\":\"\",\"text_align_breakpoint\":\"\",\"text_align_fallback\":\"\",\"maxwidth\":\"\",\"maxwidth_align\":\"\",\"maxwidth_breakpoint\":\"\",\"margin\":\"\",\"animation\":\"\",\"visibility\":\"\",\"content\":\"\n\n<h3>Vid\\u00e9o de pr\\u00e9sentations des solutions Groupe Interway<\\\/h3>\"}},{\"type\":\"text\",\"props\":{\"margin\":\"default\",\"column_breakpoint\":\"m\",\"text_style\":\"\",\"text_color\":\"\",\"text_size\":\"\",\"column\":\"\",\"text_align\":\"\",\"text_align_breakpoint\":\"\",\"text_align_fallback\":\"\",\"maxwidth\":\"\",\"maxwidth_align\":\"\",\"maxwidth_breakpoint\":\"\",\"animation\":\"\",\"visibility\":\"\",\"content\":\"\n\n<p style=\\\"text-align: justify;\\\">Groupe Interway propose des solutions technologiques innovantes pour digitaliser &amp; phygitaliser des points de ventes, des espaces de travail, et tout autre environnement professionnel.<br \\\/>Cette premi\\u00e8re vid\\u00e9o de pr\\u00e9sentation g\\u00e9n\\u00e9rale de nos solutions sera suivie d\\u2019une s\\u00e9rie de vid\\u00e9os d\\u00e9crivant chacun des univers et th\\u00e9matiques abord\\u00e9s lors de ce premier \\u00ab\\u00a0g\\u00e9n\\u00e9rique\\u00a0\\u00bb.<\\\/p>\"}}]}]}]},{\"type\":\"section\",\"props\":{\"style\":\"default\",\"width\":\"default\",\"vertical_align\":\"middle\",\"title_position\":\"top-left\",\"title_rotation\":\"left\",\"title_breakpoint\":\"xl\",\"image_position\":\"center-center\",\"text_color\":\"\",\"width_expand\":\"\",\"height\":\"\",\"padding\":\"\",\"header_transparent\":\"\",\"animation\":\"\"},\"children\":[{\"type\":\"row\",\"props\":{\"layout\":\"1-1\",\"breakpoint\":\"m\",\"fixed_width\":\"large\",\"gutter\":\"\",\"width\":\"\",\"width_expand\":\"\",\"height\":\"\",\"margin\":\"\"},\"children\":[{\"type\":\"column\",\"props\":{\"widths\":[\"1-1\"],\"image_position\":\"center-center\",\"media_overlay_gradient\":\"\",\"vertical_align\":\"\",\"style\":\"\",\"text_color\":\"\",\"padding\":\"\"},\"children\":[{\"type\":\"video\",\"props\":{\"video_controls\":true,\"margin\":\"default\",\"video_autoplay\":\"\",\"video_box_shadow\":\"medium\",\"video_box_decoration\":\"shadow\",\"text_align\":\"center\",\"text_align_breakpoint\":\"\",\"text_align_fallback\":\"\",\"maxwidth\":\"xlarge\",\"maxwidth_align\":\"center\",\"maxwidth_breakpoint\":\"\",\"animation\":\"\",\"visibility\":\"\",\"video\":\"https:\\\/\\\/www.youtube.com\\\/watch?v=zOXiwYFkmdU&feature=youtu.be\",\"video_width\":\"1200\",\"video_height\":\"600\"}}]}]}]}],\"version\":\"1.19.0\"} --><\/p>\n","protected":false},"excerpt":{"rendered":"<p>Vid\u00e9o de pr\u00e9sentations des solutions Groupe Interway Groupe Interway propose des solutions technologiques innovantes pour digitaliser &amp; phygitaliser des points de ventes, des espaces de travail, et tout autre environnement professionnel.Cette premi\u00e8re vid\u00e9o de pr\u00e9sentation g\u00e9n\u00e9rale de nos solutions sera suivie d\u2019une s\u00e9rie de vid\u00e9os d\u00e9crivant chacun des univers et th\u00e9matiques abord\u00e9s lors de ce [&hellip;]<\/p>\n","protected":false},"author":1,"featured_media":1672,"comment_status":"open","ping_status":"open","sticky":false,"template":"","format":"video","meta":{"_monsterinsights_skip_tracking":false,"_monsterinsights_sitenote_active":false,"_monsterinsights_sitenote_note":"","_monsterinsights_sitenote_category":0,"_jetpack_memberships_contains_paid_content":false,"footnotes":""},"categories":[9],"tags":[19,20],"class_list":["post-1669","post","type-post","status-publish","format-video","has-post-thumbnail","hentry","category-solutions","tag-groupe-interway","tag-solutions-innovantes","post_format-post-format-video"],"jetpack_featured_media_url":"https:\/\/www.interway.fr\/wp-content\/uploads\/Image-actu-Interway-Vid\u00e9o-PRW-2019.jpg","jetpack_sharing_enabled":true,"_links":{"self":[{"href":"https:\/\/www.interway.fr\/en\/wp-json\/wp\/v2\/posts\/1669","targetHints":{"allow":["GET"]}}],"collection":[{"href":"https:\/\/www.interway.fr\/en\/wp-json\/wp\/v2\/posts"}],"about":[{"href":"https:\/\/www.interway.fr\/en\/wp-json\/wp\/v2\/types\/post"}],"author":[{"embeddable":true,"href":"https:\/\/www.interway.fr\/en\/wp-json\/wp\/v2\/users\/1"}],"replies":[{"embeddable":true,"href":"https:\/\/www.interway.fr\/en\/wp-json\/wp\/v2\/comments?post=1669"}],"version-history":[{"count":6,"href":"https:\/\/www.interway.fr\/en\/wp-json\/wp\/v2\/posts\/1669\/revisions"}],"predecessor-version":[{"id":6785,"href":"https:\/\/www.interway.fr\/en\/wp-json\/wp\/v2\/posts\/1669\/revisions\/6785"}],"wp:featuredmedia":[{"embeddable":true,"href":"https:\/\/www.interway.fr\/en\/wp-json\/wp\/v2\/media\/1672"}],"wp:attachment":[{"href":"https:\/\/www.interway.fr\/en\/wp-json\/wp\/v2\/media?parent=1669"}],"wp:term":[{"taxonomy":"category","embeddable":true,"href":"https:\/\/www.interway.fr\/en\/wp-json\/wp\/v2\/categories?post=1669"},{"taxonomy":"post_tag","embeddable":true,"href":"https:\/\/www.interway.fr\/en\/wp-json\/wp\/v2\/tags?post=1669"}],"curies":[{"name":"wp","href":"https:\/\/api.w.org\/{rel}","templated":true}]}}